{"id":3009,"date":"2016-11-16T10:34:31","date_gmt":"2016-11-16T10:34:31","guid":{"rendered":""},"modified":"2026-03-11T09:11:59","modified_gmt":"2026-03-11T14:11:59","slug":"comunidades-ashoninkas-y-ministra-revisaron-avances-del-programa-bosques","status":"publish","type":"post","link":"https:\/\/ceas.org.pe\/index.php\/2016\/11\/16\/comunidades-ashoninkas-y-ministra-revisaron-avances-del-programa-bosques\/","title":{"rendered":"Comunidades Ash\u00f3ninkas y ministra revisaron avances del Programa Bosques"},"content":{"rendered":"<div>Representantes de comunidades nativas Ash\u00e1ninkas del departamento de Pasco se reunieron con la ministra del Ambiente, Elsa Galarza, con quien compartieron informaci\u00f3n respecto a la marcha del Programa Nacional de Conservaci\u00f3n de Bosques del Ministerio del Ambiente.<\/div>\n<div>\u00a0<\/div>\n<div>Ruben L\u00f3pez Santos, jefe de la Comunidad de Platanillo de Getarine y Jorge L\u00f3pez Chauca, Presidente de la Asociaci\u00f3n de Nacionalidades Ash\u00e1ninkas del Valle Pichis \u2013 ANAP agradecieron este espacio de di\u00e1logo e indicaron que se encuentran muy complacidos con el Programa de Bosques, que ha tenido un impacto positivo en sus vidas, beneficiando a m\u00e1s de 1,500 personas.<\/div>\n<div>\u00a0<\/div>\n<div>L\u00f3pez S\u00e1ntos dijo que el incentivo que entrega el programa ha sido beneficioso para su comunidad en diversos \u00e1mbitos, como la salud, el manejo forestal y educaci\u00f3n. \u201cHemos logrado construir una escuela que funciona hace 4 a\u00f1os y recibe ni\u00f1os hasta el cuarto grado. Tambi\u00e9n contamos con una posta m\u00e9dica y un promotor de salud\u201d, indic\u00f3.<\/div>\n<div>\u00a0<\/div>\n<div>Por su parte, Jorge Chauca L\u00f3pez, se\u00f1al\u00f3 que \u201cel Programa Bosques ha sido muy satisfactorio para nuestras comunidades nativas. Con este incentivo hemos podido desarrollar infraestructura para educaci\u00f3n y salud, as\u00ed como planes de manejo forestal con aprovechamiento sostenible, habi\u00e9ndose instalado infraestructura para darle valor agregado a la madera\u201d, indic\u00f3.<\/div>\n<div>Resalt\u00f3 adem\u00e1s que antes los j\u00f3venes deb\u00edan abandonar sus comunidades para buscar trabajo, sin embargo ahora, desde el ingreso del Programa de Bosques, las comunidades tienen oportunidades, los j\u00f3venes ya no salen a otras zonas sino que el programa da empleo en la propia comunidad.<\/div>\n<div>\u00a0<\/div>\n<div>El programa Bosques en la cuenca del Pichis y Palcaz\u00fa<\/div>\n<div>El Programa Nacional de Conservaci\u00f3n de Bosques para la Mitigaci\u00f3n del Cambio Clim\u00e1tico del Ministerio del Ambiente inici\u00f3 su intervenci\u00f3n en la Cuenca del Pichis y Palcaz\u00fa (departamento de Pasco) en el a\u00f1o 2011, concretando de forma gradual Convenios de Conservaci\u00f3n de Bosques con 15 comunidades nativas a trav\u00e9s del Mecanismo de Transferencias Directas Condicionadas \u2013 TDC.<\/div>\n<div>\u00a0<\/div>\n<div>De esta manera, las comunidades de Florida, San Pedro, San Fernando de Machuriani, Madre de Dios, Betania, Buenaventura, Shirarine, Platanillo de Getarine, Puerto Davis, Bel\u00e9n, Divisoria, Tres Hermanos del Sira y Selva de Oro, vienen conservando y aprovechando responsablemente 86 mil hect\u00e1reas de bosques, por lo cual reciben incentivos econ\u00f3micos que les permiten ejecutar planes de inversi\u00f3n para la implementaci\u00f3n de sistemas productivos sostenibles, as\u00ed como para el fortalecimiento de la vigilancia y gobernanza comunal, con la asistencia t\u00e9cnica del Programa Bosques y actores aliados.<\/div>\n<div>\u00a0<\/div>\n<div>Cabe precisar que en total, en el departamento de Pasco, dicho Programa trabaja con 15 comunidades socias, 13 ubicadas en la cuenca del Pichis y 2 en la cuenca de Palcaz\u00fa. En forma conjunta, estas comunidades comprometen la conservaci\u00f3n de 92,949.98 hect\u00e1reas de bosques comunales, en beneficio de 745 familias.<\/div>\n<div>\u00a0<\/div>\n<div>El manejo forestal comunitario, es decir la conservaci\u00f3n de bosques, es un proceso de mediano y largo plazo. Las comunidades han pasado de un estado de mal manejo forestal y conflictos, a ser ellos mismos quienes administran sus bosques e implementan negocios forestales tempranos que generan empleo local, y hacen frente a las grandes amenazadas como la tala ilegal y los cultivos il\u00edcitos.<\/div>\n<div>\u00a0<\/div>\n<div>Ahora, se presentan nuevos desaf\u00edos como: el fortalecimiento de la gobernanza comunal para el manejo forestal, la distribuci\u00f3n adecuada de beneficios producto del negocio forestal, la sostenibilidad de los negocios, y sobre todo asegurar que las comunidades alcancen un nivel adecuado que les permita dar sostenibilidad a estos negocios forestales inclusivos que asegurar\u00e1n la conservaci\u00f3n de sus bosques en el largo plazo.<\/div>\n<div>\u00a0<\/div>\n<div>Fuente: minam.gob.pe<\/div>\n<p>\u00a0<\/p>\n<p><a href=\"http:\/\/web.hilo.org.pe\/wp-content\/uploads\/comunidades Ashaninkas.jpg\" target=\"_blank\" rel=\"noopener\">Ver archivo adjunto<\/a><\/p>\n","protected":false},"excerpt":{"rendered":"<p>Representantes de comunidades nativas Ash?ninkas del departamento de Pasco se reunieron con la ministra del Ambiente, Elsa Galarza, con quien compartieron informaci?n respecto a la marcha del Programa Nacional de Conservaci?n de Bosques del Ministerio del Ambiente.<\/p>\n","protected":false},"author":1,"featured_media":0,"comment_status":"closed","ping_status":"closed","sticky":false,"template":"","format":"standard","meta":{"footnotes":""},"categories":[9],"tags":[],"class_list":["post-3009","post","type-post","status-publish","format-standard","hentry","category-noticias"],"_links":{"self":[{"href":"https:\/\/ceas.org.pe\/index.php\/wp-json\/wp\/v2\/posts\/3009","targetHints":{"allow":["GET"]}}],"collection":[{"href":"https:\/\/ceas.org.pe\/index.php\/wp-json\/wp\/v2\/posts"}],"about":[{"href":"https:\/\/ceas.org.pe\/index.php\/wp-json\/wp\/v2\/types\/post"}],"author":[{"embeddable":true,"href":"https:\/\/ceas.org.pe\/index.php\/wp-json\/wp\/v2\/users\/1"}],"replies":[{"embeddable":true,"href":"https:\/\/ceas.org.pe\/index.php\/wp-json\/wp\/v2\/comments?post=3009"}],"version-history":[{"count":1,"href":"https:\/\/ceas.org.pe\/index.php\/wp-json\/wp\/v2\/posts\/3009\/revisions"}],"predecessor-version":[{"id":6209,"href":"https:\/\/ceas.org.pe\/index.php\/wp-json\/wp\/v2\/posts\/3009\/revisions\/6209"}],"wp:attachment":[{"href":"https:\/\/ceas.org.pe\/index.php\/wp-json\/wp\/v2\/media?parent=3009"}],"wp:term":[{"taxonomy":"category","embeddable":true,"href":"https:\/\/ceas.org.pe\/index.php\/wp-json\/wp\/v2\/categories?post=3009"},{"taxonomy":"post_tag","embeddable":true,"href":"https:\/\/ceas.org.pe\/index.php\/wp-json\/wp\/v2\/tags?post=3009"}],"curies":[{"name":"wp","href":"https:\/\/api.w.org\/{rel}","templated":true}]}}