{"id":3008,"date":"2016-11-16T10:16:28","date_gmt":"2016-11-16T10:16:28","guid":{"rendered":""},"modified":"2026-03-11T09:11:59","modified_gmt":"2026-03-11T14:11:59","slug":"francisco-exhorta-a-tutelar-los-derechos-de-nioos-y-adolescentes","status":"publish","type":"post","link":"https:\/\/ceas.org.pe\/index.php\/2016\/11\/16\/francisco-exhorta-a-tutelar-los-derechos-de-nioos-y-adolescentes\/","title":{"rendered":"Francisco exhorta a tutelar los derechos de ni\u00f3os y adolescentes"},"content":{"rendered":"<p>Nunca menores esclavos, reclutados en grupos armados, v\u00edctimas de violencias, pidi\u00f3 el Papa Francisco antes de concluir su audiencia general, faltando pocos d\u00edas para la celebraci\u00f3n del D\u00eda universal del ni\u00f1o dirigi\u00f3 un llamamiento a la conciencia de todos y a la Comunidad internacional:<\/p>\n<p>\u00abEl pr\u00f3ximo domingo, 20 de noviembre, se celebra la Jornada mundial de los derechos de la infancia y de la adolescencia. Dirijo un llamamiento a la conciencia de todos, instituciones y familias, con el fin de que los ni\u00f1os sean siempre protegidos y se tutele su bienestar, para que nunca caigan en formas de esclavitud, reclutamiento en grupos armados y maltratos. Anhelo que la Comunidad internacional pueda vigilar sobre sus vidas, garantizando a cada ni\u00f1o y ni\u00f1a el derecho a la escuela y a la educaci\u00f3n, para que su crecimiento sea sereno y miren con confianza al futuro\u00bb.<\/p>\n<p>Fuente: radiovaticana.va<\/p>\n<p><a href=\"http:\/\/web.hilo.org.pe\/wp-content\/uploads\/LlamamientodelPapa.jpg\" target=\"_blank\" rel=\"noopener\">Ver archivo adjunto<\/a><\/p>\n","protected":false},"excerpt":{"rendered":"<p>Nunca menores esclavos, reclutados en grupos armados, v?ctimas de violencias, pidi? el Papa Francisco antes de concluir su audiencia general, faltando pocos d?as para la celebraci?n del D?a universal del ni?o dirigi? un llamamiento a la conciencia de todos y a la Comunidad internacional:<\/p>\n","protected":false},"author":1,"featured_media":0,"comment_status":"closed","ping_status":"closed","sticky":false,"template":"","format":"standard","meta":{"footnotes":""},"categories":[9],"tags":[],"class_list":["post-3008","post","type-post","status-publish","format-standard","hentry","category-noticias"],"_links":{"self":[{"href":"https:\/\/ceas.org.pe\/index.php\/wp-json\/wp\/v2\/posts\/3008","targetHints":{"allow":["GET"]}}],"collection":[{"href":"https:\/\/ceas.org.pe\/index.php\/wp-json\/wp\/v2\/posts"}],"about":[{"href":"https:\/\/ceas.org.pe\/index.php\/wp-json\/wp\/v2\/types\/post"}],"author":[{"embeddable":true,"href":"https:\/\/ceas.org.pe\/index.php\/wp-json\/wp\/v2\/users\/1"}],"replies":[{"embeddable":true,"href":"https:\/\/ceas.org.pe\/index.php\/wp-json\/wp\/v2\/comments?post=3008"}],"version-history":[{"count":1,"href":"https:\/\/ceas.org.pe\/index.php\/wp-json\/wp\/v2\/posts\/3008\/revisions"}],"predecessor-version":[{"id":6210,"href":"https:\/\/ceas.org.pe\/index.php\/wp-json\/wp\/v2\/posts\/3008\/revisions\/6210"}],"wp:attachment":[{"href":"https:\/\/ceas.org.pe\/index.php\/wp-json\/wp\/v2\/media?parent=3008"}],"wp:term":[{"taxonomy":"category","embeddable":true,"href":"https:\/\/ceas.org.pe\/index.php\/wp-json\/wp\/v2\/categories?post=3008"},{"taxonomy":"post_tag","embeddable":true,"href":"https:\/\/ceas.org.pe\/index.php\/wp-json\/wp\/v2\/tags?post=3008"}],"curies":[{"name":"wp","href":"https:\/\/api.w.org\/{rel}","templated":true}]}}