{"id":3007,"date":"2016-11-14T16:31:10","date_gmt":"2016-11-14T16:31:10","guid":{"rendered":""},"modified":"2026-03-11T09:11:59","modified_gmt":"2026-03-11T14:11:59","slug":"mensaje-de-la-santa-sede-para-el-doa-mundial-de-la-pesca-2016-sero-presentado-en-la-fao","status":"publish","type":"post","link":"https:\/\/ceas.org.pe\/index.php\/2016\/11\/14\/mensaje-de-la-santa-sede-para-el-doa-mundial-de-la-pesca-2016-sero-presentado-en-la-fao\/","title":{"rendered":"Mensaje de la Santa Sede para el D\u00f3a Mundial de la Pesca 2016 ser\u00f3 presentado en la FAO"},"content":{"rendered":"<p>El pr\u00f3ximo 21 de noviembre en el Sheikh Zayed Centre de Abu Dabi, ser\u00e1 presentado el mensaje de la Santa Sede para el D\u00eda Mundial de la Pesca 2016, sobre el tema: \u201cLas violaciones de los derechos humanos de los pescadores y la pesca ilegal, no declarada y no reglamentada\u201d. El evento, ha sido coordinado por la Organizaci\u00f3n de las Naciones Unidas para la Alimentaci\u00f3n y la Agricultura (FAO) y por el Observador permanente de la Santa Sede.<\/p>\n<p>Tal mensaje, emitido por el Pontificio Consejo para la Pastoral de los Emigrantes e Itinerantes, cada a\u00f1o desde el 2011, ser\u00e1 presentado oficialmente por primera vez al p\u00fablico en la sede de la FAO por su Presidente, el Cardenal Antonio Maria Vegli\u00f2. Entre los relatores se encuentra asimismo el Cardenal Secretario de Estado de Su Santidad, Pietro Parolin.<\/p>\n<p>Fuente: radiovaticana.va<\/p>\n<p><a href=\"http:\/\/web.hilo.org.pe\/wp-content\/uploads\/Mensajdelasantasede.jpg\" target=\"_blank\" rel=\"noopener\">Ver archivo adjunto<\/a><\/p>\n","protected":false},"excerpt":{"rendered":"<p>El pr?ximo 21 de noviembre en el Sheikh Zayed Centre de Abu Dabi, ser? presentado el mensaje de la Santa Sede para el D?a Mundial de la Pesca 2016, sobre el tema: ?Las violaciones de los derechos humanos de los pescadores y la pesca ilegal, no declarada y no reglamentada?. El evento, ha sido coordinado por la Organizaci?n de las Naciones Unidas para la Alimentaci?n y la Agricultura (FAO) y por el Observador permanente de la Santa Sede.<\/p>\n","protected":false},"author":1,"featured_media":0,"comment_status":"closed","ping_status":"closed","sticky":false,"template":"","format":"standard","meta":{"footnotes":""},"categories":[9],"tags":[],"class_list":["post-3007","post","type-post","status-publish","format-standard","hentry","category-noticias"],"_links":{"self":[{"href":"https:\/\/ceas.org.pe\/index.php\/wp-json\/wp\/v2\/posts\/3007","targetHints":{"allow":["GET"]}}],"collection":[{"href":"https:\/\/ceas.org.pe\/index.php\/wp-json\/wp\/v2\/posts"}],"about":[{"href":"https:\/\/ceas.org.pe\/index.php\/wp-json\/wp\/v2\/types\/post"}],"author":[{"embeddable":true,"href":"https:\/\/ceas.org.pe\/index.php\/wp-json\/wp\/v2\/users\/1"}],"replies":[{"embeddable":true,"href":"https:\/\/ceas.org.pe\/index.php\/wp-json\/wp\/v2\/comments?post=3007"}],"version-history":[{"count":1,"href":"https:\/\/ceas.org.pe\/index.php\/wp-json\/wp\/v2\/posts\/3007\/revisions"}],"predecessor-version":[{"id":6211,"href":"https:\/\/ceas.org.pe\/index.php\/wp-json\/wp\/v2\/posts\/3007\/revisions\/6211"}],"wp:attachment":[{"href":"https:\/\/ceas.org.pe\/index.php\/wp-json\/wp\/v2\/media?parent=3007"}],"wp:term":[{"taxonomy":"category","embeddable":true,"href":"https:\/\/ceas.org.pe\/index.php\/wp-json\/wp\/v2\/categories?post=3007"},{"taxonomy":"post_tag","embeddable":true,"href":"https:\/\/ceas.org.pe\/index.php\/wp-json\/wp\/v2\/tags?post=3007"}],"curies":[{"name":"wp","href":"https:\/\/api.w.org\/{rel}","templated":true}]}}