{"id":3005,"date":"2016-11-09T18:31:06","date_gmt":"2016-11-09T18:31:06","guid":{"rendered":""},"modified":"2026-03-11T09:11:59","modified_gmt":"2026-03-11T14:11:59","slug":"se-instalo-consejo-latinoamericano-de-movilidad-humana-y-refugio","status":"publish","type":"post","link":"https:\/\/ceas.org.pe\/index.php\/2016\/11\/09\/se-instalo-consejo-latinoamericano-de-movilidad-humana-y-refugio\/","title":{"rendered":"Se instal\u00f3 Consejo Latinoamericano de Movilidad Humana y Refugio"},"content":{"rendered":"<p>Con el t\u00edtulo de \u201cDeclaraci\u00f3n de Honduras\u201d, las conclusiones del Seminario Latinoamericano sobre Migraci\u00f3n, Refugio y Trata de personas, convocado por el Departamento de Justicia y Solidaridad (DEJUSOL) del CELAM, y realizado en Tegucigalpa, del 14 al 17 de septiembre, expone no solamente el drama de las personas que padecen este flagelo en Am\u00e9rica Latina y el Caribe, sino que tambi\u00e9n presenta la decisi\u00f3n de crear el Consejo Latinoamericano de Movilidad Humana y Refugio (CLAMOR), como propuesta concreta de articulaci\u00f3n interinstitucional.<\/p>\n<div>\u00a0<\/div>\n<div>La Declaraci\u00f3n, firmada por el presidente del DEJUSOL-CELAM, la secretaria general de la CLAR y el presidente de C\u00e1ritas Am\u00e9rica Latina y El Caribe, presenta una cr\u00edtica radiograf\u00eda de las realidades que afrontan los migrantes, los refugiados y las v\u00edctimas de la trata en la regi\u00f3n. \u201cSomos testigos de la grave situaci\u00f3n que viven millones de hermanos y hermanas nuestros que se han visto forzados a emigrar encontrando muros f\u00edsicos, pol\u00edticos, religiosos, culturales en lugar de puertas abiertas\u201d.<\/div>\n<div>\u00a0<\/div>\n<div>Con relaci\u00f3n a los migrantes y solicitantes de refugio, la crisis humanitaria se revela particularmente en las \u201c15.000 personas mexicanas, turcas, paquistan\u00edes, togoleses, sirias, haitianas, eritreas, congoleses apostadas en los \u00faltimos cuatro meses en Tijuana, la frontera norte de M\u00e9xico, as\u00ed como los m\u00e1s de 26.000 ni\u00f1os, ni\u00f1as y adolescentes que seg\u00fan UNICEF en los \u00faltimos 6 meses han llegado tambi\u00e9n al norte de M\u00e9xico y sur de los Estados Unidos pidiendo asilo\u201d. Y sin embargo, no es menos cruda la realidad de \u201ccientos de cubanos varados en Panam\u00e1 y Costa Rica\u201d y \u201cla situaci\u00f3n lacerante de miles de haitianos escapando de la pobreza, obligados a recorrer rutas peligrosas y enfrentando discriminaci\u00f3n\u201d.<\/div>\n<div>\u00a0<\/div>\n<div>En Suram\u00e9rica, el incremento del flujo de migrantes y refugiados provenientes de diferentes pa\u00edses, particularmente de Venezuela, expresa la angustia e incertidumbre de muchos que \u201cse ven forzados a buscar oportunidades en otras tierras\u201d.<\/div>\n<div>\u00a0<\/div>\n<div>En el trasfondo de este doloroso panorama, al cual se a\u00f1ade la explotaci\u00f3n de seres humanos a trav\u00e9s de la trata de personas, se revela \u201cun sistema socio econ\u00f3mico fallido que desplaza al ser humano y coloca el lucro y el poder como horizonte\u201d.<\/div>\n<div>\u00a0<\/div>\n<div>\u201cEn nuestra regi\u00f3n miles de personas que migran son sometidas a la esclavitud bajo las formas de explotaci\u00f3n sexual y trabajo forzado. Rep\u00fablica Dominicana, Colombia, M\u00e9xico y Brasil figuran entre los pa\u00edses de mayor presencia de esta horrenda degradaci\u00f3n\u201d.<\/div>\n<div>\u00a0<\/div>\n<div>Aunque \u201clos gobiernos de la regi\u00f3n no garantizan a su poblaci\u00f3n el derecho a migrar y en lugar de proteger a las personas migrantes adoptan pol\u00edticas de securitizaci\u00f3n, restricci\u00f3n y rechazo\u201d, y el sector privado, por su parte, se aproveche de la vulnerabilidad de los migrantes con fines expresamente lucrativos, que incluye labores extractivistas; tambi\u00e9n brillan, como luceros en una noche oscura, algunas experiencias de lucha a favor de migrantes, refugiados, desplazados y v\u00edctimas de trata, con la participaci\u00f3n de la Iglesia cat\u00f3lica.<\/div>\n<div>\u00a0<\/div>\n<div>\u201cEl encuentro nos ha permitido compartir y reconocer experiencias de trabajo pastoral de diversas organizaciones eclesiales, quienes acompa\u00f1an y sirven a nuestros hermanos y hermanas en situaci\u00f3n de migraci\u00f3n forzosa, refugio y trata de persona. Son profetas de misericordia, son el coraz\u00f3n comprensivo y los pies acompa\u00f1antes de la Iglesia que abre sus brazos y sostiene. Sin embargo, reconocemos con dolor que las iglesias, organizaciones de la sociedad civil y organismos internacionales no hemos dado una respuesta suficiente a tan grave crisis\u201d.<\/div>\n<div>\u00a0<\/div>\n<div>Por eso, entre las diversas sugerencias e iniciativas que brotaron del Seminario, a partir de la creaci\u00f3n del Consejo Latinoamericano de Movilidad Humana y Refugio (CLAMOR) se espera articular \u201clos esfuerzos de las diversas realidades de la Iglesia en favor de los hermanos y hermanas en situaci\u00f3n de Migraci\u00f3n, Refugio y v\u00edctimas de trata\u201d.<\/div>\n<div>\u00a0<\/div>\n<div>Fuente: celam.org<\/div>\n<p><a href=\"http:\/\/web.hilo.org.pe\/wp-content\/uploads\/Clamor.jpg\" target=\"_blank\" rel=\"noopener\">Ver archivo adjunto<\/a><\/p>\n","protected":false},"excerpt":{"rendered":"<p>Con el t?tulo de ?Declaraci?n de Honduras?, las conclusiones del Seminario Latinoamericano sobre Migraci?n, Refugio y Trata de personas, convocado por el Departamento de Justicia y Solidaridad (DEJUSOL) del CELAM, y realizado en Tegucigalpa, del 14 al 17 de septiembre, expone no solamente el drama de las personas que padecen este flagelo en Am?rica Latina y el Caribe, sino que tambi?n presenta la decisi?n de crear el Consejo Latinoamericano de Movilidad Humana y Refugio (CLAMOR), como propuesta concreta de articulaci?n interinstitucional.<\/p>\n","protected":false},"author":1,"featured_media":0,"comment_status":"closed","ping_status":"closed","sticky":false,"template":"","format":"standard","meta":{"footnotes":""},"categories":[9],"tags":[],"class_list":["post-3005","post","type-post","status-publish","format-standard","hentry","category-noticias"],"_links":{"self":[{"href":"https:\/\/ceas.org.pe\/index.php\/wp-json\/wp\/v2\/posts\/3005","targetHints":{"allow":["GET"]}}],"collection":[{"href":"https:\/\/ceas.org.pe\/index.php\/wp-json\/wp\/v2\/posts"}],"about":[{"href":"https:\/\/ceas.org.pe\/index.php\/wp-json\/wp\/v2\/types\/post"}],"author":[{"embeddable":true,"href":"https:\/\/ceas.org.pe\/index.php\/wp-json\/wp\/v2\/users\/1"}],"replies":[{"embeddable":true,"href":"https:\/\/ceas.org.pe\/index.php\/wp-json\/wp\/v2\/comments?post=3005"}],"version-history":[{"count":1,"href":"https:\/\/ceas.org.pe\/index.php\/wp-json\/wp\/v2\/posts\/3005\/revisions"}],"predecessor-version":[{"id":6213,"href":"https:\/\/ceas.org.pe\/index.php\/wp-json\/wp\/v2\/posts\/3005\/revisions\/6213"}],"wp:attachment":[{"href":"https:\/\/ceas.org.pe\/index.php\/wp-json\/wp\/v2\/media?parent=3005"}],"wp:term":[{"taxonomy":"category","embeddable":true,"href":"https:\/\/ceas.org.pe\/index.php\/wp-json\/wp\/v2\/categories?post=3005"},{"taxonomy":"post_tag","embeddable":true,"href":"https:\/\/ceas.org.pe\/index.php\/wp-json\/wp\/v2\/tags?post=3005"}],"curies":[{"name":"wp","href":"https:\/\/api.w.org\/{rel}","templated":true}]}}