{"id":3004,"date":"2016-11-09T18:20:13","date_gmt":"2016-11-09T18:20:13","guid":{"rendered":""},"modified":"2026-03-11T09:11:59","modified_gmt":"2026-03-11T14:11:59","slug":"coritas-del-pero-emprende-la-campaoa-recicla-tu-jean","status":"publish","type":"post","link":"https:\/\/ceas.org.pe\/index.php\/2016\/11\/09\/coritas-del-pero-emprende-la-campaoa-recicla-tu-jean\/","title":{"rendered":"C\u00f3ritas del Per\u00f3 emprende la campa\u00f3a \u00abRecicla tu jean\u00bb"},"content":{"rendered":"<p>El reciclaje de ropa es una iniciativa que va tomando fuerza en los \u00faltimos a\u00f1os, ya que provee de prendas en buen estado a aquellas personas de bajos recursos econ\u00f3micos que no pueden costear su vestimenta y, a la vez, contribuye al cuidado del medioambiente prolongando y optimizando el uso de las prendas de vestir. Debido a ello, y con el prop\u00f3sito de apoyar a quienes m\u00e1s lo necesitan, C\u00e1ritas del Per\u00fa y Levi\u2019s se unen en la campa\u00f1a social \u201cRecicla tu jean\u201d.<\/p>\n<div>\u00a0<\/div>\n<div>Esta iniciativa consiste en incentivar a la poblaci\u00f3n en general a donar las prendas de jean que han dejado de usar pero que a\u00fan est\u00e9n en buen estado. Estas pueden ser de \u00a0cualquier marca y ser\u00e1n acopiadas en las principales tiendas de Levi\u2019s desde el 24 de octubre hasta el 6 de noviembre. Dichas prendas ser\u00e1n entregadas a Caritas del Per\u00fa para ser compartidas con quienes las necesitan.<\/div>\n<div>\u00a0<\/div>\n<div>Como recompensa a \u00a0todos los que apoyen esta causa, Levi\u00b4s les otorgar\u00e1 por cada jean que donen, \u00a0S\/.50.00 de \u00a0descuento para la compra de un jean Levi\u00b4s.<\/div>\n<div>\u00a0\u00a0<\/div>\n<div>\u201cC\u00e1ritas del Per\u00fa respalda todas las acciones solidarias en beneficio de los m\u00e1s necesitados. Saludamos el compromiso de las personas, que muestran as\u00ed su solidaridad con quienes m\u00e1s lo necesitan, sinti\u00e9ndonos como una sola familia humana. Unamos esfuerzos y entreguemos lo mejor de nosotros en esta campa\u00f1a\u201d, indic\u00f3 el ingeniero Ramiro Mendoza, secretario general de C\u00e1ritas Per\u00fa.<\/div>\n<div>\u00a0<\/div>\n<div>Por otro lado, Levis Strauss en Per\u00fa y el mundo est\u00e1 en constante desarrollo de proyectos como parte de la campa\u00f1a global \u201cMade of Progress\u201d, que tiene un enfoque principal de apoyo social y medioambiental. \u00a0Se espera que muchas personas se sumen a esta interesante oportunidad de apoyar a quienes m\u00e1s lo necesitan.<\/div>\n<div>\u00a0<\/div>\n<div>Es importante que puedan tener mayor informaci\u00f3n y bases de la campa\u00f1a a trav\u00e9s de la p\u00e1gina web oficial de Levi\u2019s http:\/\/www.pe.levi.com\/peru\/detalle-noticia.aspx?id=540, as\u00ed como el facebook oficial: Levi\u2019s Per\u00fa y C\u00e1ritas del Per\u00fa.<\/div>\n<div>\u00a0<\/div>\n<div>Fuente: caritas.org.pe<\/div>\n<p><a href=\"http:\/\/web.hilo.org.pe\/wp-content\/uploads\/Reciclatujean.png\" target=\"_blank\" rel=\"noopener\">Ver archivo adjunto<\/a><\/p>\n","protected":false},"excerpt":{"rendered":"<p>El reciclaje de ropa es una iniciativa que va tomando fuerza en los ?ltimos a?os, ya que provee de prendas en buen estado a aquellas personas de bajos recursos econ?micos que no pueden costear su vestimenta y, a la vez, contribuye al cuidado del medioambiente prolongando y optimizando el uso de las prendas de vestir. Debido a ello, y con el prop?sito de apoyar a quienes m?s lo necesitan, C?ritas del Per? y Levi?s se unen en la campa?a social ?Recicla tu jean?.<\/p>\n","protected":false},"author":1,"featured_media":8116,"comment_status":"closed","ping_status":"closed","sticky":false,"template":"","format":"standard","meta":{"footnotes":""},"categories":[9],"tags":[],"class_list":["post-3004","post","type-post","status-publish","format-standard","has-post-thumbnail","hentry","category-noticias"],"_links":{"self":[{"href":"https:\/\/ceas.org.pe\/index.php\/wp-json\/wp\/v2\/posts\/3004","targetHints":{"allow":["GET"]}}],"collection":[{"href":"https:\/\/ceas.org.pe\/index.php\/wp-json\/wp\/v2\/posts"}],"about":[{"href":"https:\/\/ceas.org.pe\/index.php\/wp-json\/wp\/v2\/types\/post"}],"author":[{"embeddable":true,"href":"https:\/\/ceas.org.pe\/index.php\/wp-json\/wp\/v2\/users\/1"}],"replies":[{"embeddable":true,"href":"https:\/\/ceas.org.pe\/index.php\/wp-json\/wp\/v2\/comments?post=3004"}],"version-history":[{"count":1,"href":"https:\/\/ceas.org.pe\/index.php\/wp-json\/wp\/v2\/posts\/3004\/revisions"}],"predecessor-version":[{"id":6214,"href":"https:\/\/ceas.org.pe\/index.php\/wp-json\/wp\/v2\/posts\/3004\/revisions\/6214"}],"wp:featuredmedia":[{"embeddable":true,"href":"https:\/\/ceas.org.pe\/index.php\/wp-json\/wp\/v2\/media\/8116"}],"wp:attachment":[{"href":"https:\/\/ceas.org.pe\/index.php\/wp-json\/wp\/v2\/media?parent=3004"}],"wp:term":[{"taxonomy":"category","embeddable":true,"href":"https:\/\/ceas.org.pe\/index.php\/wp-json\/wp\/v2\/categories?post=3004"},{"taxonomy":"post_tag","embeddable":true,"href":"https:\/\/ceas.org.pe\/index.php\/wp-json\/wp\/v2\/tags?post=3004"}],"curies":[{"name":"wp","href":"https:\/\/api.w.org\/{rel}","templated":true}]}}