{"id":3003,"date":"2016-11-08T10:25:57","date_gmt":"2016-11-08T10:25:57","guid":{"rendered":""},"modified":"2026-03-11T09:11:59","modified_gmt":"2026-03-11T14:11:59","slug":"red-de-comunicadores-catolicos-de-cusco-peregrinaron-al-seoor-de-huanca","status":"publish","type":"post","link":"https:\/\/ceas.org.pe\/index.php\/2016\/11\/08\/red-de-comunicadores-catolicos-de-cusco-peregrinaron-al-seoor-de-huanca\/","title":{"rendered":"Red de Comunicadores Cat\u00f3licos de Cusco peregrinaron al Se\u00f3or de Huanca"},"content":{"rendered":"<div>De acuerdo al programa de actividades establecido para el presente a\u00f1o, los integrantes de la Red de Comunicadores Cat\u00f3licos del Cusco, realizaron, como cada a\u00f1o, la Peregrinaci\u00f3n al Santuario del Se\u00f1or de Huanca; esta peregrinaci\u00f3n se inici\u00f3 en horas de la ma\u00f1ana con el rezo del Santo Rosario y posteriormente, con la participaci\u00f3n de la Santa Misa, y la oraci\u00f3n grupal.<\/div>\n<div>\u00a0<\/div>\n<div>La Lic. Mar\u00eda In\u00e9s Canal Pastor, Presidenta de la Red de Comunicadores Cat\u00f3licos del Cusco, se\u00f1al\u00f3 que esta actividad se desarrolla anualmente con la finalidad de que todos los profesionales que ejercen el periodismo en nuestra ciudad, puedan participar de este espacio de reflexi\u00f3n y acercamiento a Dios y a nuestra Santa Madre la Virgen Mar\u00eda.\u00a0<\/div>\n<div>\u00a0<\/div>\n<div>Asimismo, invit\u00f3 a los periodistas de nuestra regi\u00f3n a participar de las diversas actividades que se programan anualmente y de las reuniones que mensualmente se tiene cada tercer viernes de mes a las 5 p.m., en las instalaciones del Palacio Arzobispal, sito en la Calle Hatun Rumiyoc S\/N.<\/div>\n<div>\u00a0<\/div>\n<div>(Fuente: Arzobispado de Cusco)<\/div>\n<div>\u00a0<\/div>\n<p><a href=\"http:\/\/web.hilo.org.pe\/wp-content\/uploads\/Red de Comunicadores Catolicos de Cusco.jpg\" target=\"_blank\" rel=\"noopener\">Ver archivo adjunto<\/a><\/p>\n","protected":false},"excerpt":{"rendered":"<p>De acuerdo al programa de actividades establecido para el presente a?o, los integrantes de la Red de Comunicadores Cat?licos del Cusco, realizaron, como cada a?o, la Peregrinaci?n al Santuario del Se?or de Huanca; esta peregrinaci?n se inici? en horas de la ma?ana con el rezo del Santo Rosario y posteriormente, con la participaci?n de la Santa Misa, y la oraci?n grupal.<\/p>\n","protected":false},"author":1,"featured_media":7898,"comment_status":"closed","ping_status":"closed","sticky":false,"template":"","format":"standard","meta":{"footnotes":""},"categories":[9],"tags":[],"class_list":["post-3003","post","type-post","status-publish","format-standard","has-post-thumbnail","hentry","category-noticias"],"_links":{"self":[{"href":"https:\/\/ceas.org.pe\/index.php\/wp-json\/wp\/v2\/posts\/3003","targetHints":{"allow":["GET"]}}],"collection":[{"href":"https:\/\/ceas.org.pe\/index.php\/wp-json\/wp\/v2\/posts"}],"about":[{"href":"https:\/\/ceas.org.pe\/index.php\/wp-json\/wp\/v2\/types\/post"}],"author":[{"embeddable":true,"href":"https:\/\/ceas.org.pe\/index.php\/wp-json\/wp\/v2\/users\/1"}],"replies":[{"embeddable":true,"href":"https:\/\/ceas.org.pe\/index.php\/wp-json\/wp\/v2\/comments?post=3003"}],"version-history":[{"count":1,"href":"https:\/\/ceas.org.pe\/index.php\/wp-json\/wp\/v2\/posts\/3003\/revisions"}],"predecessor-version":[{"id":6215,"href":"https:\/\/ceas.org.pe\/index.php\/wp-json\/wp\/v2\/posts\/3003\/revisions\/6215"}],"wp:featuredmedia":[{"embeddable":true,"href":"https:\/\/ceas.org.pe\/index.php\/wp-json\/wp\/v2\/media\/7898"}],"wp:attachment":[{"href":"https:\/\/ceas.org.pe\/index.php\/wp-json\/wp\/v2\/media?parent=3003"}],"wp:term":[{"taxonomy":"category","embeddable":true,"href":"https:\/\/ceas.org.pe\/index.php\/wp-json\/wp\/v2\/categories?post=3003"},{"taxonomy":"post_tag","embeddable":true,"href":"https:\/\/ceas.org.pe\/index.php\/wp-json\/wp\/v2\/tags?post=3003"}],"curies":[{"name":"wp","href":"https:\/\/api.w.org\/{rel}","templated":true}]}}