{"id":3002,"date":"2016-11-08T10:23:40","date_gmt":"2016-11-08T10:23:40","guid":{"rendered":""},"modified":"2026-03-11T09:11:59","modified_gmt":"2026-03-11T14:11:59","slug":"iglesia-en-la-omesa-de-diologoo-en-venezuela-con-un-representante-del-papa","status":"publish","type":"post","link":"https:\/\/ceas.org.pe\/index.php\/2016\/11\/08\/iglesia-en-la-omesa-de-diologoo-en-venezuela-con-un-representante-del-papa\/","title":{"rendered":"Iglesia en la \u00f3mesa de di\u00f3logo\u00f3 en Venezuela con un representante del Papa"},"content":{"rendered":"<p>La intervenci\u00f3n de la Iglesia en la \u201cmesa de di\u00e1logo\u201d en Venezuela, con un representante del Papa Francisco es un signo de su cercan\u00eda con este pueblo. La grave situaci\u00f3n pol\u00edtica y econ\u00f3mica del pa\u00eds podr\u00eda desencadenar en un lamentable espiral de violencia, algo que est\u00e1 siendo evitado con la promoci\u00f3n del di\u00e1logo.<\/p>\n<p>El Santo Padre en su reciente rueda de prensa, se\u00f1al\u00f3 que \u201cel di\u00e1logo, \u00a1es el \u00fanico camino para todos los conflictos! O se dialoga o se grita, pero no hay otra. Yo con el coraz\u00f3n pongo todo de m\u00ed en el di\u00e1logo y creo que se debe ir por ese camino. No s\u00e9 c\u00f3mo terminar\u00e1, no s\u00e9, porque es muy complejo, pero la gente que est\u00e1 comprometida en el di\u00e1logo es gente de una estatura pol\u00edtica importante\u201d.<\/p>\n<div>La participaci\u00f3n del Vaticano en la mesa de di\u00e1logo se debe a la petici\u00f3n que ambos sectores pol\u00edticos, tanto \u201coficialismo\u201d como \u201coposici\u00f3n\u201d pidieron insistentemente. Aunque en la actualidad algunos manifiesten descontento y desilusi\u00f3n con el acuerdo, ante la aguda situaci\u00f3n que incluso pone en peligro el respeto a las leyes de la Constituci\u00f3n Nacional.<\/div>\n<div>\u00a0<\/div>\n<div>Monse\u00f1or Claudio Mar\u00eda Celli, acompa\u00f1ante en el proceso de di\u00e1logo, ha expresado mediante un comunicado su \u201cesperanza\u201d para que el \u201cdi\u00e1logo en Venezuela contin\u00fae y podamos acordar una agenda de temas, un m\u00e9todo de trabajo, posibles etapas del mismo di\u00e1logo. Todos comparten conmigo la impresi\u00f3n de que no estamos frente a una tarea sencilla, sino m\u00e1s bien frente a dificultades que est\u00e1n enraizadas en nuestras vidas, en nuestras historias personales, muy hondamente\u201d.<\/div>\n<div>\u00a0<\/div>\n<div>Mientras la mesa de di\u00e1logo contin\u00faa con sus encuentros y discusiones, la poblaci\u00f3n espera con gran expectativa acciones concretas que hagan cre\u00edbles los di\u00e1logos. Sin embargo, la decisi\u00f3n de detener la toma de Miraflores, palacio presidencial, con las sangrientas consecuencias que pudo ocasionar, ya es un fruto de la intervenci\u00f3n de la Iglesia.<\/div>\n<div>\u00a0<\/div>\n<div>Oremos por Venezuela, por los frutos de esta mesa de di\u00e1logo. Para que los l\u00edderes pol\u00edticos de esta naci\u00f3n piensen y act\u00faen en consideraci\u00f3n al bien com\u00fan y no guiados por fracasadas ideolog\u00edas o aspiraciones de poder.<\/div>\n<div>\u00a0<\/div>\n<div>Fuente: P. Johan Pacheco para RADIO VATICANA.<\/div>\n<p><a href=\"http:\/\/web.hilo.org.pe\/wp-content\/uploads\/la mesa de dialogo en Venezuela.JPG\" target=\"_blank\" rel=\"noopener\">Ver archivo adjunto<\/a><\/p>\n","protected":false},"excerpt":{"rendered":"<p>La intervenci?n de la Iglesia en la ?mesa de di?logo? en Venezuela, con un representante del Papa Francisco es un signo de su cercan?a con este pueblo. La grave situaci?n pol?tica y econ?mica del pa?s podr?a desencadenar en un lamentable espiral de violencia, algo que est? siendo evitado con la promoci?n del di?logo.<\/p>\n","protected":false},"author":1,"featured_media":7857,"comment_status":"closed","ping_status":"closed","sticky":false,"template":"","format":"standard","meta":{"footnotes":""},"categories":[9],"tags":[],"class_list":["post-3002","post","type-post","status-publish","format-standard","has-post-thumbnail","hentry","category-noticias"],"_links":{"self":[{"href":"https:\/\/ceas.org.pe\/index.php\/wp-json\/wp\/v2\/posts\/3002","targetHints":{"allow":["GET"]}}],"collection":[{"href":"https:\/\/ceas.org.pe\/index.php\/wp-json\/wp\/v2\/posts"}],"about":[{"href":"https:\/\/ceas.org.pe\/index.php\/wp-json\/wp\/v2\/types\/post"}],"author":[{"embeddable":true,"href":"https:\/\/ceas.org.pe\/index.php\/wp-json\/wp\/v2\/users\/1"}],"replies":[{"embeddable":true,"href":"https:\/\/ceas.org.pe\/index.php\/wp-json\/wp\/v2\/comments?post=3002"}],"version-history":[{"count":1,"href":"https:\/\/ceas.org.pe\/index.php\/wp-json\/wp\/v2\/posts\/3002\/revisions"}],"predecessor-version":[{"id":6216,"href":"https:\/\/ceas.org.pe\/index.php\/wp-json\/wp\/v2\/posts\/3002\/revisions\/6216"}],"wp:featuredmedia":[{"embeddable":true,"href":"https:\/\/ceas.org.pe\/index.php\/wp-json\/wp\/v2\/media\/7857"}],"wp:attachment":[{"href":"https:\/\/ceas.org.pe\/index.php\/wp-json\/wp\/v2\/media?parent=3002"}],"wp:term":[{"taxonomy":"category","embeddable":true,"href":"https:\/\/ceas.org.pe\/index.php\/wp-json\/wp\/v2\/categories?post=3002"},{"taxonomy":"post_tag","embeddable":true,"href":"https:\/\/ceas.org.pe\/index.php\/wp-json\/wp\/v2\/tags?post=3002"}],"curies":[{"name":"wp","href":"https:\/\/api.w.org\/{rel}","templated":true}]}}