{"id":3000,"date":"2016-11-07T17:57:09","date_gmt":"2016-11-07T17:57:09","guid":{"rendered":""},"modified":"2026-03-11T09:11:59","modified_gmt":"2026-03-11T14:11:59","slug":"santo-padre-saluda-la-entrada-en-vigor-del-acuerdo-de-paros-sobre-el-clima","status":"publish","type":"post","link":"https:\/\/ceas.org.pe\/index.php\/2016\/11\/07\/santo-padre-saluda-la-entrada-en-vigor-del-acuerdo-de-paros-sobre-el-clima\/","title":{"rendered":"Santo Padre saluda la entrada en vigor del Acuerdo de Par\u00f3s sobre el clima"},"content":{"rendered":"<p>Como un \u00abimportante paso adelante\u00bb, consider\u00f3 el papa Francisco a la decisi\u00f3n adoptada hace dos d\u00edas mediante la cual \u00abentr\u00f3 en vigor el Acuerdo de Par\u00eds sobre el clima del planeta\u00bb. \u00a0Seg\u00fan dijo, \u00abeste importante paso adelante demuestra que la humanidad tiene la capacidad de colaborar para proteger lo que ha sido creado\u00bb. Por ello debe \u00abponer la econom\u00eda al servicio de las personas y construir la paz y la justicia\u00bb.<\/p>\n<p>As\u00ed se expres\u00f3 despu\u00e9s de rezar la oraci\u00f3n mariana del \u00e1ngelus dominical ante los miles de fieles reunidos en la plaza de San Pedro.<\/p>\n<div>El Santo Padre a\u00f1adi\u00f3 que ma\u00f1ana en Marrakech, en Marruecos inicia \u00abuna nueva sesi\u00f3n de la Conferencia sobre el clima, finalizada adem\u00e1s para la actuaci\u00f3n de tal acuerdo\u00bb.<\/div>\n<div>\u00a0<\/div>\n<div>\u00abDeseo que todo este proceso \u2013concluy\u00f3 el Papa\u2013 pueda ser guiado por la conciencia de nuestra responsabilidad en la custodia de la casa com\u00fan\u00bb.<\/div>\n<div>\u00a0<\/div>\n<div>El Acuerdo de Par\u00eds es el primer tratado universal de lucha contra el cambio clim\u00e1tico, el cual ha entrado en vigor solamente once meses despu\u00e9s de su aprobaci\u00f3n en diciembre de 2015 por 195 pa\u00edses y la UE.<\/div>\n<div>\u00a0<\/div>\n<div>Los pa\u00edses que han ratificado hasta ahora el Acuerdo de Par\u00eds son 93, de los cuales 11 de la UE. Ellos suman casi el 66 por ciento de las emisiones globales del efecto invernadero.<\/div>\n<div>\u00a0<\/div>\n<div>Las mayores tasas de poluci\u00f3n corresponden a China (20,09 por ciento), Estados Unidos (17,89 por ciento), India (4,10 por ciento), Alemania (2,56 por ciento), Brasil (2,48 por ciento), M\u00e9xico (1,70 por ciento), Indonesia (1,49 por ciento), Sud\u00e1frica (1,46 por ciento) y Ucrania (1,04por ciento).<\/div>\n<div>\u00a0<\/div>\n<div>El tratado de Par\u00eds fija un l\u00edmite a las emisiones de gases contaminantes, en particular al di\u00f3xido de carbono (CO2); y establece una financiaci\u00f3n a los pa\u00edses menos desarrollados para que puedan adaptarse. Ser\u00e1n destinados 100.000 millones de d\u00f3lares anuales desde 2020 hasta 2025, cuando los pa\u00edses desarrollados establecer\u00e1n un nuevo sistema de financiaci\u00f3n.<\/div>\n<div>\u00a0<\/div>\n<div>El acuerdo quiere lograr que la temperatura media del planeta en 2100 no supere los 2\u00baC con respecto a los niveles preindustriales; pero se\u00f1ala un ideal de incremento medio menor a 1,5 \u00baC. Entretanto con la tendencia actual el incremento de la temperatura media para 2100 estar\u00eda entre 2,7\u00baC y 3,5\u00baC.<\/div>\n<div>\u00a0<\/div>\n<div>Fuente: Zenit<\/div>\n<p><a href=\"http:\/\/web.hilo.org.pe\/wp-content\/uploads\/contaminacion_ambiental.jpg\" target=\"_blank\" rel=\"noopener\">Ver archivo adjunto<\/a><\/p>\n","protected":false},"excerpt":{"rendered":"<p>Como un \u00abimportante paso adelante\u00bb, consider? el papa Francisco a la decisi?n adoptada hace dos d?as mediante la cual \u00abentr? en vigor el Acuerdo de Par?s sobre el clima del planeta\u00bb.  Seg?n dijo, \u00abeste importante paso adelante demuestra que la humanidad tiene la capacidad de colaborar para proteger lo que ha sido creado\u00bb. Por ello debe \u00abponer la econom?a al servicio de las personas y construir la paz y la justicia\u00bb.<\/p>\n","protected":false},"author":1,"featured_media":8067,"comment_status":"closed","ping_status":"closed","sticky":false,"template":"","format":"standard","meta":{"footnotes":""},"categories":[9],"tags":[],"class_list":["post-3000","post","type-post","status-publish","format-standard","has-post-thumbnail","hentry","category-noticias"],"_links":{"self":[{"href":"https:\/\/ceas.org.pe\/index.php\/wp-json\/wp\/v2\/posts\/3000","targetHints":{"allow":["GET"]}}],"collection":[{"href":"https:\/\/ceas.org.pe\/index.php\/wp-json\/wp\/v2\/posts"}],"about":[{"href":"https:\/\/ceas.org.pe\/index.php\/wp-json\/wp\/v2\/types\/post"}],"author":[{"embeddable":true,"href":"https:\/\/ceas.org.pe\/index.php\/wp-json\/wp\/v2\/users\/1"}],"replies":[{"embeddable":true,"href":"https:\/\/ceas.org.pe\/index.php\/wp-json\/wp\/v2\/comments?post=3000"}],"version-history":[{"count":1,"href":"https:\/\/ceas.org.pe\/index.php\/wp-json\/wp\/v2\/posts\/3000\/revisions"}],"predecessor-version":[{"id":6218,"href":"https:\/\/ceas.org.pe\/index.php\/wp-json\/wp\/v2\/posts\/3000\/revisions\/6218"}],"wp:featuredmedia":[{"embeddable":true,"href":"https:\/\/ceas.org.pe\/index.php\/wp-json\/wp\/v2\/media\/8067"}],"wp:attachment":[{"href":"https:\/\/ceas.org.pe\/index.php\/wp-json\/wp\/v2\/media?parent=3000"}],"wp:term":[{"taxonomy":"category","embeddable":true,"href":"https:\/\/ceas.org.pe\/index.php\/wp-json\/wp\/v2\/categories?post=3000"},{"taxonomy":"post_tag","embeddable":true,"href":"https:\/\/ceas.org.pe\/index.php\/wp-json\/wp\/v2\/tags?post=3000"}],"curies":[{"name":"wp","href":"https:\/\/api.w.org\/{rel}","templated":true}]}}