{"id":2999,"date":"2016-11-04T17:50:52","date_gmt":"2016-11-04T17:50:52","guid":{"rendered":""},"modified":"2026-03-11T09:11:59","modified_gmt":"2026-03-11T14:11:59","slug":"congreso-nacional-de-educadores-catolicos-2016","status":"publish","type":"post","link":"https:\/\/ceas.org.pe\/index.php\/2016\/11\/04\/congreso-nacional-de-educadores-catolicos-2016\/","title":{"rendered":"Congreso Nacional de Educadores Cat\u00f3licos 2016"},"content":{"rendered":"<p>Del 11 al 13 de noviembre, la capital peruana ser\u00e1 sede del Congreso Nacional de Educadores Cat\u00f3licos 2016, organizado por la Oficina Nacional de Educaci\u00f3n Cat\u00f3lica \u2013 ONDEC, con el tema: \u201cAportes de la formaci\u00f3n espiritual y religiosa a la educaci\u00f3n nacional\u201d.<\/p>\n<div>\u00a0<\/div>\n<div>Este evento se realizar\u00e1 en el Coliseo del Colegio Claretiano, en San Miguel, y est\u00e1 dirigido a docentes de educaci\u00f3n b\u00e1sica y superior de instituciones p\u00fablicas y privadas.\u00a0<\/div>\n<div>\u00a0<\/div>\n<div>Tambi\u00e9n est\u00e1 dirigido a profesores de otras \u00e1reas que quieren fortalecer la dimensi\u00f3n espiritual y religiosa de sus alumnos, as\u00ed como a los padres de familia que quieren que sus hijos encuentren en la fe la fortaleza para caminar por un mundo de grandes cambios y retos.<\/div>\n<div>\u00a0<\/div>\n<div>\u201cDesaf\u00edos de la educaci\u00f3n peruana hoy\u201d, \u201cAportes de la Iglesia Cat\u00f3lica en respuesta a los desaf\u00edos de la educaci\u00f3n hoy\u201d, y \u201cEl curr\u00edculo evangelizador como herramienta de educaci\u00f3n integral\u201d, son los temas que abordar\u00e1n durante este congreso nacional.<\/div>\n<div>\u00a0<\/div>\n<div>Para m\u00e1s informaci\u00f3n, pueden dirigirse a la Oficina Nacional de Educaci\u00f3n Cat\u00f3lica, sito en Jir\u00f3n Estados Unidos 838 \u2013 Jes\u00fas Mar\u00eda.\u00a0<\/div>\n<div>Tel\u00e9fono: 463-4903. \u00a0E-mail: ondec@iglesiacatolica.org.pe (Fuente: CEP)<\/div>\n<p><a href=\"http:\/\/web.hilo.org.pe\/wp-content\/uploads\/Congresonacionaldeeducadorescatolicos2016.png\" target=\"_blank\" rel=\"noopener\">Ver archivo adjunto<\/a><\/p>\n","protected":false},"excerpt":{"rendered":"<p>Del 11 al 13 de noviembre, la capital peruana ser? sede del Congreso Nacional de Educadores Cat?licos 2016, organizado por la Oficina Nacional de Educaci?n Cat?lica ? ONDEC, con el tema: ?Aportes de la formaci?n espiritual y religiosa a la educaci?n nacional?.<\/p>\n","protected":false},"author":1,"featured_media":7883,"comment_status":"closed","ping_status":"closed","sticky":false,"template":"","format":"standard","meta":{"footnotes":""},"categories":[9],"tags":[],"class_list":["post-2999","post","type-post","status-publish","format-standard","has-post-thumbnail","hentry","category-noticias"],"_links":{"self":[{"href":"https:\/\/ceas.org.pe\/index.php\/wp-json\/wp\/v2\/posts\/2999","targetHints":{"allow":["GET"]}}],"collection":[{"href":"https:\/\/ceas.org.pe\/index.php\/wp-json\/wp\/v2\/posts"}],"about":[{"href":"https:\/\/ceas.org.pe\/index.php\/wp-json\/wp\/v2\/types\/post"}],"author":[{"embeddable":true,"href":"https:\/\/ceas.org.pe\/index.php\/wp-json\/wp\/v2\/users\/1"}],"replies":[{"embeddable":true,"href":"https:\/\/ceas.org.pe\/index.php\/wp-json\/wp\/v2\/comments?post=2999"}],"version-history":[{"count":1,"href":"https:\/\/ceas.org.pe\/index.php\/wp-json\/wp\/v2\/posts\/2999\/revisions"}],"predecessor-version":[{"id":6219,"href":"https:\/\/ceas.org.pe\/index.php\/wp-json\/wp\/v2\/posts\/2999\/revisions\/6219"}],"wp:featuredmedia":[{"embeddable":true,"href":"https:\/\/ceas.org.pe\/index.php\/wp-json\/wp\/v2\/media\/7883"}],"wp:attachment":[{"href":"https:\/\/ceas.org.pe\/index.php\/wp-json\/wp\/v2\/media?parent=2999"}],"wp:term":[{"taxonomy":"category","embeddable":true,"href":"https:\/\/ceas.org.pe\/index.php\/wp-json\/wp\/v2\/categories?post=2999"},{"taxonomy":"post_tag","embeddable":true,"href":"https:\/\/ceas.org.pe\/index.php\/wp-json\/wp\/v2\/tags?post=2999"}],"curies":[{"name":"wp","href":"https:\/\/api.w.org\/{rel}","templated":true}]}}