{"id":2998,"date":"2016-11-04T17:49:14","date_gmt":"2016-11-04T17:49:14","guid":{"rendered":""},"modified":"2026-03-11T09:11:59","modified_gmt":"2026-03-11T14:11:59","slug":"curso-online-por-la-verdad-y-la-vida-ofrecero-ceprofarena","status":"publish","type":"post","link":"https:\/\/ceas.org.pe\/index.php\/2016\/11\/04\/curso-online-por-la-verdad-y-la-vida-ofrecero-ceprofarena\/","title":{"rendered":"Curso online por la Verdad y la Vida ofrecer\u00f3 Ceprofarena"},"content":{"rendered":"<p>Con el apoyo de varias instituciones defensores de la familia y de la vida humana desde la concepci\u00f3n, el Centro de Promoci\u00f3n Familiar y Reconocimiento Natural de la Fertilidad (Ceprofarena), iniciar\u00e1 este mes el Curso por la Verdad y la Vida \u2013 modalidad on line, que cuenta con el auspicio de Vida Humana Internacional.\u00a0<\/p>\n<div>\u00a0<\/div>\n<div>La intenci\u00f3n de curso es capacitar a los participantes en temas relacionados con la promoci\u00f3n y defensa de la familia y la vida humana, as\u00ed como los valores cristianos. Se espera que quienes terminen el curso est\u00e9n en condiciones de generar un efecto multiplicador en sus familias, comunidades y entorno donde se desempe\u00f1an.<\/div>\n<div>\u00a0<\/div>\n<div>El curso consta de 13 sesiones con entregas semanales, todos los lunes, a partir del 7 de noviembre, y se llevar\u00e1 en tres m\u00f3dulos. Para m\u00e1s informaci\u00f3n, pueden escribir a los siguientes correos: ceprofarena@gmail.com \/ encuentro.verdad.vida@gmail.com Tambi\u00e9n, pueden ingresar al sitio web: www.ceprofarena.blogspot.com (Fuente: CEP)<\/div>\n<p><a href=\"http:\/\/web.hilo.org.pe\/wp-content\/uploads\/LOGO DE CEPROFARENA 2012.jpg\" target=\"_blank\" rel=\"noopener\">Ver archivo adjunto<\/a><\/p>\n","protected":false},"excerpt":{"rendered":"<p>Con el apoyo de varias instituciones defensores de la familia y de la vida humana desde la concepci?n, el Centro de Promoci?n Familiar y Reconocimiento Natural de la Fertilidad (Ceprofarena), iniciar? este mes el Curso por la Verdad y la Vida ? modalidad on line, que cuenta con el auspicio de Vida Humana Internacional.<\/p>\n","protected":false},"author":1,"featured_media":8011,"comment_status":"closed","ping_status":"closed","sticky":false,"template":"","format":"standard","meta":{"footnotes":""},"categories":[9],"tags":[],"class_list":["post-2998","post","type-post","status-publish","format-standard","has-post-thumbnail","hentry","category-noticias"],"_links":{"self":[{"href":"https:\/\/ceas.org.pe\/index.php\/wp-json\/wp\/v2\/posts\/2998","targetHints":{"allow":["GET"]}}],"collection":[{"href":"https:\/\/ceas.org.pe\/index.php\/wp-json\/wp\/v2\/posts"}],"about":[{"href":"https:\/\/ceas.org.pe\/index.php\/wp-json\/wp\/v2\/types\/post"}],"author":[{"embeddable":true,"href":"https:\/\/ceas.org.pe\/index.php\/wp-json\/wp\/v2\/users\/1"}],"replies":[{"embeddable":true,"href":"https:\/\/ceas.org.pe\/index.php\/wp-json\/wp\/v2\/comments?post=2998"}],"version-history":[{"count":1,"href":"https:\/\/ceas.org.pe\/index.php\/wp-json\/wp\/v2\/posts\/2998\/revisions"}],"predecessor-version":[{"id":6220,"href":"https:\/\/ceas.org.pe\/index.php\/wp-json\/wp\/v2\/posts\/2998\/revisions\/6220"}],"wp:featuredmedia":[{"embeddable":true,"href":"https:\/\/ceas.org.pe\/index.php\/wp-json\/wp\/v2\/media\/8011"}],"wp:attachment":[{"href":"https:\/\/ceas.org.pe\/index.php\/wp-json\/wp\/v2\/media?parent=2998"}],"wp:term":[{"taxonomy":"category","embeddable":true,"href":"https:\/\/ceas.org.pe\/index.php\/wp-json\/wp\/v2\/categories?post=2998"},{"taxonomy":"post_tag","embeddable":true,"href":"https:\/\/ceas.org.pe\/index.php\/wp-json\/wp\/v2\/tags?post=2998"}],"curies":[{"name":"wp","href":"https:\/\/api.w.org\/{rel}","templated":true}]}}