{"id":2997,"date":"2016-11-02T13:57:03","date_gmt":"2016-11-02T13:57:03","guid":{"rendered":""},"modified":"2026-03-11T09:11:59","modified_gmt":"2026-03-11T14:11:59","slug":"tercer-encuentro-mundial-de-movimientos-populares-se-realiza-en-el-vaticano","status":"publish","type":"post","link":"https:\/\/ceas.org.pe\/index.php\/2016\/11\/02\/tercer-encuentro-mundial-de-movimientos-populares-se-realiza-en-el-vaticano\/","title":{"rendered":"Tercer Encuentro Mundial de Movimientos Populares se realiza en el Vaticano"},"content":{"rendered":"<p>Desde el mi\u00e9rcoles 2 hasta el s\u00e1bado 5 de noviembre, cuando presentar\u00e1n al Papa Francisco un documento de trabajo, delegados de distintas organizaciones populares de 65 pa\u00edses de los cinco continentes debatir\u00e1n temas que son a su vez inter\u00e9s central del Papa, como el cuidado de la Tierra y el drama de los refugiados.<\/p>\n<div>\u00a0<\/div>\n<div>\u00abLa lucha por las 3-T sigue siendo el coraz\u00f3n de nuestros encuentros; derechos que est\u00e1n siendo conculcados por un sistema injusto que deja a millones de campesinos sin tierra, familias sin techo y trabajadores sin derecho\u00bb, dijo en Roma el argentino Juan Grabois, uno de los organizadores del encuentro.<\/div>\n<div>\u00a0<\/div>\n<div>Luego de los dos encuentros anteriores, en Roma 2014 y Santa Cruz de la Sierra en 2015, esta tercera reuni\u00f3n da inicio al nuevo Dicasterio sobre \u00abDesarrollo Humano Integral\u00bb, creado por el Papa Francisco.<\/div>\n<div>\u00a0<\/div>\n<div>\u00abEste a\u00f1o buscaremos mecanismos para instalar en la agenda p\u00fablica nacional e internacional nuestros problemas e impulsar nuestras propuestas al respecto\u00bb, sostuvo en nombre del resto de los organizadores: Joao Pedro Stedile, del Movimiento Sin Tierra de Brasil.<\/div>\n<div>\u00a0<\/div>\n<div>La Red Iglesias y Miner\u00eda, que tambi\u00e9n estar\u00e1 presente, se\u00f1ala que uno de los aspectos claves ser\u00e1 tambi\u00e9n un an\u00e1lisis del incremento de la criminalizaci\u00f3n a dirigentes sociales en Am\u00e9rica Latina y el mundo. Anunci\u00f3 que presentar\u00e1n una carta al Santo Padre y a los asistentes al evento.<\/div>\n<div>\u00a0<\/div>\n<div>El encuentro culminar\u00e1 el d\u00eda 5 de noviembre, cuando los participantes dialogar\u00e1n con el papa Francisco en el Aula Paulo VI del Vaticano sobre \u00abla necesidad de un proceso de cambio que tenga a los movimientos populares como protagonistas en la lucha por la justicia social\u00bb, y le entregar\u00e1n un documento con sus propuestas de \u00ablas medidas m\u00e1s urgentes que hay que tomar\u00bb.<\/div>\n<div>\u00a0<\/div>\n<div>Fuente: Tomadodelfacebook.com\/IglesiasyMineria<\/div>\n<p><a href=\"http:\/\/web.hilo.org.pe\/wp-content\/uploads\/Tercer Encuentro Mundial de Movimientos Populares en el Vaticano.jpg\" target=\"_blank\" rel=\"noopener\">Ver archivo adjunto<\/a><\/p>\n","protected":false},"excerpt":{"rendered":"<p>Desde el mi?rcoles 2 hasta el s?bado 5 de noviembre, cuando presentar?n al Papa Francisco un documento de trabajo, delegados de distintas organizaciones populares de 65 pa?ses de los cinco continentes debatir?n temas que son a su vez inter?s central del Papa, como el cuidado de la Tierra y el drama de los refugiados.<\/p>\n","protected":false},"author":1,"featured_media":7862,"comment_status":"closed","ping_status":"closed","sticky":false,"template":"","format":"standard","meta":{"footnotes":""},"categories":[9],"tags":[],"class_list":["post-2997","post","type-post","status-publish","format-standard","has-post-thumbnail","hentry","category-noticias"],"_links":{"self":[{"href":"https:\/\/ceas.org.pe\/index.php\/wp-json\/wp\/v2\/posts\/2997","targetHints":{"allow":["GET"]}}],"collection":[{"href":"https:\/\/ceas.org.pe\/index.php\/wp-json\/wp\/v2\/posts"}],"about":[{"href":"https:\/\/ceas.org.pe\/index.php\/wp-json\/wp\/v2\/types\/post"}],"author":[{"embeddable":true,"href":"https:\/\/ceas.org.pe\/index.php\/wp-json\/wp\/v2\/users\/1"}],"replies":[{"embeddable":true,"href":"https:\/\/ceas.org.pe\/index.php\/wp-json\/wp\/v2\/comments?post=2997"}],"version-history":[{"count":1,"href":"https:\/\/ceas.org.pe\/index.php\/wp-json\/wp\/v2\/posts\/2997\/revisions"}],"predecessor-version":[{"id":6221,"href":"https:\/\/ceas.org.pe\/index.php\/wp-json\/wp\/v2\/posts\/2997\/revisions\/6221"}],"wp:featuredmedia":[{"embeddable":true,"href":"https:\/\/ceas.org.pe\/index.php\/wp-json\/wp\/v2\/media\/7862"}],"wp:attachment":[{"href":"https:\/\/ceas.org.pe\/index.php\/wp-json\/wp\/v2\/media?parent=2997"}],"wp:term":[{"taxonomy":"category","embeddable":true,"href":"https:\/\/ceas.org.pe\/index.php\/wp-json\/wp\/v2\/categories?post=2997"},{"taxonomy":"post_tag","embeddable":true,"href":"https:\/\/ceas.org.pe\/index.php\/wp-json\/wp\/v2\/tags?post=2997"}],"curies":[{"name":"wp","href":"https:\/\/api.w.org\/{rel}","templated":true}]}}