{"id":2995,"date":"2016-10-31T18:09:40","date_gmt":"2016-10-31T18:09:40","guid":{"rendered":""},"modified":"2026-03-11T09:11:59","modified_gmt":"2026-03-11T14:11:59","slug":"arzobispo-de-cusco-se-reunio-con-titular-de-la-direccion-desconcentrada-de-cultura","status":"publish","type":"post","link":"https:\/\/ceas.org.pe\/index.php\/2016\/10\/31\/arzobispo-de-cusco-se-reunio-con-titular-de-la-direccion-desconcentrada-de-cultura\/","title":{"rendered":"Arzobispo de Cusco se reuni\u00f3 con titular de la Direcci\u00f3n Desconcentrada de Cultura"},"content":{"rendered":"<div>Mons. Richard Daniel Alarc\u00f3n Urrutia, Arzobispo Metropolitano del Cusco, recibi\u00f3 la visita y saludo protocolar del Dr. Vidal Pino Zambrano, como Director de la Direcci\u00f3n Desconcentrada de Cultura Cusco, qui\u00e9n acompa\u00f1ado de una comitiva se hizo presente en el despacho arzobispal para realizar su presentaci\u00f3n formal.<\/div>\n<div>\u00a0<\/div>\n<div>Esta reuni\u00f3n se dio en un marco de familiaridad, en el que el Dr. Vidal Pino, expres\u00f3 su deseo de trabajar de manera conjunta y organizada entre el Arzobispado del Cusco y la Direcci\u00f3n Desconcentrada de Cultura.\u00a0<\/div>\n<div>\u00a0<\/div>\n<div>Se\u00f1al\u00f3 adem\u00e1s, que ambas instituciones tienen el deber de preservar la riqueza religiosa y cultural que posee nuestra regi\u00f3n, y qu\u00e9 mejor manera de hacerlo trabajando de manera conjunta.<\/div>\n<div>\u00a0<\/div>\n<div>Dijo, que se tienen varios proyectos de intervenci\u00f3n integral y parcial en los que se estar\u00e1 trabajando de manera s\u00f3lida y organizada entre ambas instituciones.<\/div>\n<div>\u00a0<\/div>\n<div>(Fuente Arzobispado de Cusco)<\/div>\n<p><a href=\"http:\/\/web.hilo.org.pe\/wp-content\/uploads\/Arzobispodelcusco.jpg\" target=\"_blank\" rel=\"noopener\">Ver archivo adjunto<\/a><\/p>\n","protected":false},"excerpt":{"rendered":"<p>Mons. Richard Daniel Alarc?n Urrutia, Arzobispo Metropolitano del Cusco, recibi? la visita y saludo protocolar del Dr. Vidal Pino Zambrano, como Director de la Direcci?n Desconcentrada de Cultura Cusco, qui?n acompa?ado de una comitiva se hizo presente en el despacho arzobispal para realizar su presentaci?n formal.<\/p>\n","protected":false},"author":1,"featured_media":7884,"comment_status":"closed","ping_status":"closed","sticky":false,"template":"","format":"standard","meta":{"footnotes":""},"categories":[9],"tags":[],"class_list":["post-2995","post","type-post","status-publish","format-standard","has-post-thumbnail","hentry","category-noticias"],"_links":{"self":[{"href":"https:\/\/ceas.org.pe\/index.php\/wp-json\/wp\/v2\/posts\/2995","targetHints":{"allow":["GET"]}}],"collection":[{"href":"https:\/\/ceas.org.pe\/index.php\/wp-json\/wp\/v2\/posts"}],"about":[{"href":"https:\/\/ceas.org.pe\/index.php\/wp-json\/wp\/v2\/types\/post"}],"author":[{"embeddable":true,"href":"https:\/\/ceas.org.pe\/index.php\/wp-json\/wp\/v2\/users\/1"}],"replies":[{"embeddable":true,"href":"https:\/\/ceas.org.pe\/index.php\/wp-json\/wp\/v2\/comments?post=2995"}],"version-history":[{"count":1,"href":"https:\/\/ceas.org.pe\/index.php\/wp-json\/wp\/v2\/posts\/2995\/revisions"}],"predecessor-version":[{"id":6223,"href":"https:\/\/ceas.org.pe\/index.php\/wp-json\/wp\/v2\/posts\/2995\/revisions\/6223"}],"wp:featuredmedia":[{"embeddable":true,"href":"https:\/\/ceas.org.pe\/index.php\/wp-json\/wp\/v2\/media\/7884"}],"wp:attachment":[{"href":"https:\/\/ceas.org.pe\/index.php\/wp-json\/wp\/v2\/media?parent=2995"}],"wp:term":[{"taxonomy":"category","embeddable":true,"href":"https:\/\/ceas.org.pe\/index.php\/wp-json\/wp\/v2\/categories?post=2995"},{"taxonomy":"post_tag","embeddable":true,"href":"https:\/\/ceas.org.pe\/index.php\/wp-json\/wp\/v2\/tags?post=2995"}],"curies":[{"name":"wp","href":"https:\/\/api.w.org\/{rel}","templated":true}]}}