{"id":2993,"date":"2016-10-27T17:42:57","date_gmt":"2016-10-27T17:42:57","guid":{"rendered":""},"modified":"2026-03-11T09:11:59","modified_gmt":"2026-03-11T14:11:59","slug":"alistan-encuentro-mundial-de-movimientos-populares-con-presencia-del-papa","status":"publish","type":"post","link":"https:\/\/ceas.org.pe\/index.php\/2016\/10\/27\/alistan-encuentro-mundial-de-movimientos-populares-con-presencia-del-papa\/","title":{"rendered":"Alistan Encuentro Mundial de Movimientos Populares con presencia del Papa"},"content":{"rendered":"<p>Del 2 al 5 de noviembre pr\u00f3ximo se llevar\u00e1 a cabo el III Encuentro Mundial de Movimientos Populares, que contar\u00e1 con el acompa\u00f1amiento del papa Francisco y la participaci\u00f3n de m\u00e1s de 150 delegados provenientes desde diferentes movimientos populares de todo el mundo. Este encuentro, que cuenta con la activa colaboraci\u00f3n del Pontificio Consejo de Justicia y Paz, incluye el desarrollo de reuniones, an\u00e1lisis y debates en torno a los tres ejes principales: Tierra, Techo y Trabajo.<\/p>\n<p>Durante este encuentro se presentar\u00e1n tambi\u00e9n experiencias, realidades, ideas y propuestas para abordar los problemas que afectan a los pobres de la tierra desde su propia condici\u00f3n de campesinos e ind\u00edgenas, vecinos de asentamientos populares y familias en lucha por un techo, trabajadores precarizados o de la econom\u00eda popular, es decir, los excluidos de la Tierra que no se resignan, que se organizan y que luchan por una alternativa humana a la globalizaci\u00f3n excluyente.<\/p>\n<div>De igual manera se dar\u00e1 una mirada m\u00e1s amplia a lo que pasa con los Pueblos y la Democracia; el Territorio y la Naturaleza; y la particular situaci\u00f3n de los Refugiados y Desplazados del mundo, apoyados en las propuestas que el Papa Francisco enuncia en la Evangelii Gaudium y la Laudato s\u00ec.<\/div>\n<div>\u00a0<\/div>\n<div>El Encuentro culmina el d\u00eda 5 de noviembre, en que todos los participantes dialogar\u00e1n con el Papa Francisco sobre la necesidad de un proceso de cambio que tenga como protagonistas en la lucha por la justicia social a los Movimientos Populares. \u00a0Durante este reuni\u00f3n los l\u00edderes de los movimientos populares entregar\u00e1n al sumo pont\u00edfice del documento con los resultados del trabajo de los tres d\u00edas y las medidas m\u00e1s urgentes que hay que tomar.<\/div>\n<div>\u00a0<\/div>\n<div>La presentaci\u00f3n de este III Encuentro Mundial de los Movimientos Populares se realizar\u00e1 en una rueda de prensa que llevar\u00e1 a cabo el viernes 28 de octubre en la Sala Stampa de la Santa Sede (Roma &#8211; Italia), a las 11h30 y que contar\u00e1 con la participaci\u00f3n del Cardenal Peter Turkson del PCJP, Juan Grabois, Comit\u00e9 Organizador Encuentro Mundial de Movimientos Populares.<\/div>\n<div>\u00a0<\/div>\n<div>\u00abDigamos juntos desde el coraz\u00f3n: ninguna familia sin vivienda, ning\u00fan campesino sin tierra, ning\u00fan trabajador sin derechos, ning\u00fan pueblo sin soberan\u00eda, ninguna persona sin dignidad, ning\u00fan ni\u00f1o sin infancia, ning\u00fan joven sin posibilidades, ning\u00fan anciano sin una venerable vejez.\u00bb<\/div>\n<div>\u00a0<\/div>\n<div>Papa Francisco<\/div>\n<div>\u00a0<\/div>\n<div>\u00a0<\/div>\n<div>Fuente: signisalc.org<\/div>\n<p><a href=\"http:\/\/web.hilo.org.pe\/wp-content\/uploads\/movimientos_populares_y_papafrancisco.png\" target=\"_blank\" rel=\"noopener\">Ver archivo adjunto<\/a><\/p>\n","protected":false},"excerpt":{"rendered":"<p>\u00a0Del 2 al 5 de noviembre pr\u00f3ximo se llevar\u00e1 a cabo el III Encuentro Mundial de Movimientos Populares, que contar\u00e1 con el acompa\u00f1amiento del papa Francisco y la participaci\u00f3n de m\u00e1s de 150 delegados provenientes desde diferentes movimientos populares de todo el mundo.\u00a0<\/p>\n","protected":false},"author":1,"featured_media":7862,"comment_status":"closed","ping_status":"closed","sticky":false,"template":"","format":"standard","meta":{"footnotes":""},"categories":[9],"tags":[],"class_list":["post-2993","post","type-post","status-publish","format-standard","has-post-thumbnail","hentry","category-noticias"],"_links":{"self":[{"href":"https:\/\/ceas.org.pe\/index.php\/wp-json\/wp\/v2\/posts\/2993","targetHints":{"allow":["GET"]}}],"collection":[{"href":"https:\/\/ceas.org.pe\/index.php\/wp-json\/wp\/v2\/posts"}],"about":[{"href":"https:\/\/ceas.org.pe\/index.php\/wp-json\/wp\/v2\/types\/post"}],"author":[{"embeddable":true,"href":"https:\/\/ceas.org.pe\/index.php\/wp-json\/wp\/v2\/users\/1"}],"replies":[{"embeddable":true,"href":"https:\/\/ceas.org.pe\/index.php\/wp-json\/wp\/v2\/comments?post=2993"}],"version-history":[{"count":1,"href":"https:\/\/ceas.org.pe\/index.php\/wp-json\/wp\/v2\/posts\/2993\/revisions"}],"predecessor-version":[{"id":6225,"href":"https:\/\/ceas.org.pe\/index.php\/wp-json\/wp\/v2\/posts\/2993\/revisions\/6225"}],"wp:featuredmedia":[{"embeddable":true,"href":"https:\/\/ceas.org.pe\/index.php\/wp-json\/wp\/v2\/media\/7862"}],"wp:attachment":[{"href":"https:\/\/ceas.org.pe\/index.php\/wp-json\/wp\/v2\/media?parent=2993"}],"wp:term":[{"taxonomy":"category","embeddable":true,"href":"https:\/\/ceas.org.pe\/index.php\/wp-json\/wp\/v2\/categories?post=2993"},{"taxonomy":"post_tag","embeddable":true,"href":"https:\/\/ceas.org.pe\/index.php\/wp-json\/wp\/v2\/tags?post=2993"}],"curies":[{"name":"wp","href":"https:\/\/api.w.org\/{rel}","templated":true}]}}