{"id":2992,"date":"2016-10-26T10:51:31","date_gmt":"2016-10-26T10:51:31","guid":{"rendered":""},"modified":"2026-03-11T09:11:59","modified_gmt":"2026-03-11T14:11:59","slug":"colombia-iglesia-tendro-comito-de-apoyo-en-proceso-de-paz-con-el-eln","status":"publish","type":"post","link":"https:\/\/ceas.org.pe\/index.php\/2016\/10\/26\/colombia-iglesia-tendro-comito-de-apoyo-en-proceso-de-paz-con-el-eln\/","title":{"rendered":"Colombia: Iglesia tendr\u00f3 comit\u00f3 de apoyo en proceso de paz con el ELN"},"content":{"rendered":"<p>Este jueves 27 de octubre inicia la fase p\u00fablica del proceso de paz entre el Gobierno Nacional y la guerrilla del ELN, seg\u00fan indicaron los delegados de ambas partes en Venezuela.<\/p>\n<div>\u00a0<\/div>\n<div>Ante el anuncio hecho por parte del Gobierno Nacional de hacer p\u00fablico el inicio de di\u00e1logo con el grupo guerrillero Ej\u00e9rcito de Liberaci\u00f3n Nacional (ELN), en territorio ecuatoriano, el presidente de la Conferencia Episcopal de Colombia, monse\u00f1or Luis Augusto Castro Quiroga, dijo que una delegaci\u00f3n de cinco obispos estar\u00e1 como apoyo acompa\u00f1ando esta fase, indica la web del episcopado.<\/div>\n<div>\u00a0<\/div>\n<div>\u201cLa Iglesia estar\u00e1 presente en la fase p\u00fablica de conversaciones con una comisi\u00f3n de cinco obispos de los territorios m\u00e1s golpeados por esa guerrilla\u201d, indic\u00f3 el prelado en di\u00e1logo con la cadena radial Caracol.<\/div>\n<div>\u00a0<\/div>\n<div>Monse\u00f1or Castro Quiroga advirti\u00f3 que \u201cLa Iglesia actuar\u00e1 como elemento de apoyo, pero no como delegada o mediadora, respondiendo a la solicitud del ELN y avalada por el presidente Juan Manuel Santos\u201d.<\/div>\n<div>\u00a0<\/div>\n<div>El prelado indic\u00f3 que en el proceso de paz con esta guerrilla se deber\u00e1 proceder con \u201cinteligencia, sensatez y con celeridad en puntos concretos del acuerdo\u201d.<\/div>\n<div>\u00a0<\/div>\n<div>Por su parte la Agencia Fides inform\u00f3 que el Consejo est\u00e1 formado por los siguientes obispos: de Cali, Mons. Dario Monsalve; de Quibdo, Mons. Juan Carlos Barreto; de Istmina (Choc\u00f3), Mons. Julio Hernando Garcia; de Arauca, Mons. Jaime Mu\u00f1oz; y de Tibu, Omar Alberto S\u00e1nchez. Todos son obispos de di\u00f3cesis donde est\u00e1 presente el ELN.<\/div>\n<div>\u00a0<\/div>\n<div>En Quito ser\u00e1 el acto formal de inicio de la primera mesa de negociaci\u00f3n de la paz, inform\u00f3 el canciller ecuatoriano Guillaume Long. El encuentro ser\u00e1 en la Capilla del Hombre, entidad fundada por el pintor Osvaldo Guayasam\u00edn, y contar\u00e1 con la presencia del exministro de Agricultura, Juan Camilo Restrepo por el Gobierno de Colombia y por Pablo Beltr\u00e1n por el ELN<\/div>\n<div>\u00a0<\/div>\n<div>Fuente: zenit.org<\/div>\n<p><a href=\"http:\/\/web.hilo.org.pe\/wp-content\/uploads\/Inicia en Colombia el proceso de paz con el ELN.jpg\" target=\"_blank\" rel=\"noopener\">Ver archivo adjunto<\/a><\/p>\n","protected":false},"excerpt":{"rendered":"<p>Este jueves 27 de octubre inicia la fase p?blica del proceso de paz entre el Gobierno Nacional y la guerrilla del ELN, seg?n indicaron los delegados de ambas partes en Venezuela.<\/p>\n","protected":false},"author":1,"featured_media":7857,"comment_status":"closed","ping_status":"closed","sticky":false,"template":"","format":"standard","meta":{"footnotes":""},"categories":[9],"tags":[],"class_list":["post-2992","post","type-post","status-publish","format-standard","has-post-thumbnail","hentry","category-noticias"],"_links":{"self":[{"href":"https:\/\/ceas.org.pe\/index.php\/wp-json\/wp\/v2\/posts\/2992","targetHints":{"allow":["GET"]}}],"collection":[{"href":"https:\/\/ceas.org.pe\/index.php\/wp-json\/wp\/v2\/posts"}],"about":[{"href":"https:\/\/ceas.org.pe\/index.php\/wp-json\/wp\/v2\/types\/post"}],"author":[{"embeddable":true,"href":"https:\/\/ceas.org.pe\/index.php\/wp-json\/wp\/v2\/users\/1"}],"replies":[{"embeddable":true,"href":"https:\/\/ceas.org.pe\/index.php\/wp-json\/wp\/v2\/comments?post=2992"}],"version-history":[{"count":1,"href":"https:\/\/ceas.org.pe\/index.php\/wp-json\/wp\/v2\/posts\/2992\/revisions"}],"predecessor-version":[{"id":6226,"href":"https:\/\/ceas.org.pe\/index.php\/wp-json\/wp\/v2\/posts\/2992\/revisions\/6226"}],"wp:featuredmedia":[{"embeddable":true,"href":"https:\/\/ceas.org.pe\/index.php\/wp-json\/wp\/v2\/media\/7857"}],"wp:attachment":[{"href":"https:\/\/ceas.org.pe\/index.php\/wp-json\/wp\/v2\/media?parent=2992"}],"wp:term":[{"taxonomy":"category","embeddable":true,"href":"https:\/\/ceas.org.pe\/index.php\/wp-json\/wp\/v2\/categories?post=2992"},{"taxonomy":"post_tag","embeddable":true,"href":"https:\/\/ceas.org.pe\/index.php\/wp-json\/wp\/v2\/tags?post=2992"}],"curies":[{"name":"wp","href":"https:\/\/api.w.org\/{rel}","templated":true}]}}