{"id":2991,"date":"2016-10-26T10:43:46","date_gmt":"2016-10-26T10:43:46","guid":{"rendered":""},"modified":"2026-03-11T09:11:59","modified_gmt":"2026-03-11T14:11:59","slug":"el-papa-francisco-acompaoa-el-trabajo-en-la-amazonoa-asegura-cardenal-hummes","status":"publish","type":"post","link":"https:\/\/ceas.org.pe\/index.php\/2016\/10\/26\/el-papa-francisco-acompaoa-el-trabajo-en-la-amazonoa-asegura-cardenal-hummes\/","title":{"rendered":"\u00abEl Papa Francisco acompa\u00f3a el trabajo en la Amazon\u00f3a\u00bb, asegura Cardenal Hummes"},"content":{"rendered":"<p>\u00abEstoy aqu\u00ed para entregarles el abrazo y la bendici\u00f3n del papa Francisco a cada uno de ustedes, de manera especial a los pueblos ind\u00edgenas que \u00e9l conoce, cu\u00e1nto ellos sufren y que sus derechos no son suficientemente reconocidos y promovidos, y tantas veces, simplemente, negados\u00bb, expres\u00f3 el Cardenal Claudio Hummes, Presidente de la Red Eclesial Panamaz\u00f3nica, REPAM, en su saludo a los pueblos ind\u00edgenas amaz\u00f3nicos que se re\u00fanen, desde ayer, en la ciudad amaz\u00f3nica de Puyo, Ecuador.<\/p>\n<div>\u00a0<\/div>\n<div>\u00abPara m\u00ed es una alegr\u00eda muy especial, no solamente porque es la primera vez que vengo al Ecuador, que ya es una alegr\u00eda grande. Estoy admirando mucho este Ecuador, con tantas cosas bellas, su historia, y todo el trabajo que aqu\u00ed hace la Iglesia con los pueblos ind\u00edgenas\u00bb, a\u00f1adi\u00f3 el delegado del papa para la amazon\u00eda.<\/div>\n<div>\u00a0<\/div>\n<div>En el segundo d\u00eda del \u00abEncuentro de di\u00e1logo de la REPAM con los pueblos ind\u00edgenas de la amazon\u00eda ecuatoriana\u00bb, el cardenal Hummes record\u00f3 que la REPAM fue creada hace dos a\u00f1os, en septiembre de 2014, en Brasilia, en donde \u00abcomenz\u00f3 esta trayectoria, esta parte de la historia, este recorrido de servicio a toda esta realidad humana, tambi\u00e9n cristiana, de la amazon\u00eda, de la panamazon\u00eda, de los nueve pa\u00edses\u00bb, dijo.<\/div>\n<div>\u00a0<\/div>\n<div>Coment\u00f3 que, como responsable de la comisi\u00f3n episcopal para la amazon\u00eda en Brasil visita las di\u00f3cesis de la amazon\u00eda de Brasil, en donde hay 56 di\u00f3cesis, algunas como prelaturas, ya ha visitado 36 de las 56, pasa normalmente 3 o 4 d\u00edas en cada di\u00f3cesis, en donde realizan toda una programaci\u00f3n con celebraciones, conferencias, talleres, lo cual es muy interesante y un privilegio poder visitar toda la amazon\u00eda, indic\u00f3.<\/div>\n<div>\u00a0<\/div>\n<div>Record\u00f3 que ya el papa Paulo VI hab\u00eda dicho que \u00abCristo apunta hacia la Amazon\u00eda\u00bb, y nuestro actual papa Francisco, que es latinoamericano, conoce tambi\u00e9n esta Amazon\u00eda legal, conoce nuestras culturas y los desaf\u00edos, y dice que fue sobre todo en la Conferencia de Obispos Latinoamericanos en Aparecida, en 2007, cuando \u00e9l a\u00fan era cardenal de Buenos Aires, y que particip\u00f3 en esta conferencia latinoamericana y que fue ah\u00ed en donde \u00e9l se entusiasm\u00f3 por la Amazon\u00eda, porque dec\u00eda que los obispos de la Amazon\u00eda presionaron para que la Amazon\u00eda quedase bien visualizada y bien tratada en la conferencia y en el documento conclusivo, por la gran importancia de esa gran misi\u00f3n, de esa gran realidad.<\/div>\n<div>\u00a0<\/div>\n<div>\u00abY ahora podemos ver en ese documento (Documento de Aparecida) cu\u00e1nto ah\u00ed se habla sobre la amazon\u00eda, de los pueblos ind\u00edgenas, de la crisis socio-ambiental que mata la vida, entonces nuestro papa Francisco acompa\u00f1a muy de cerca todo este trabajo que se realiza, y estar\u00eda muy feliz de sentarse en medio de ustedes, estoy seguro de eso\u00bb, dijo el cardenal Hummes, en su saludo de la segunda jornada de este encuentro de los pueblos ind\u00edgenas de la amazon\u00eda con la REPAM, que se extender\u00e1 hasta la tarde del domingo 23 de octubre.<\/div>\n<div>\u00a0<\/div>\n<div>\u00abEs una gracia y bendici\u00f3n de Dios que podamos volver a reunirnos en este lugar de Puyo, rinc\u00f3n de la Amazonia, donde hace m\u00e1s de tres a\u00f1os, sembr\u00e1bamos la semilla de la red Amaz\u00f3nica ecuatoriana que hoy la vemos florecida, y que fue creciendo, en defensa de la vida amaz\u00f3nica y de sus pueblos que la habitan\u00bb. dio la bienvenida a los participantes en el \u00abEncuentro de di\u00e1logo de la REPAM con los pueblos ind\u00edgenas de la amazon\u00eda ecuatoriana\u00bb.<\/div>\n<div>\u00a0<\/div>\n<div>Record\u00f3 el llamado que hiciera el Papa Francisco de ser \u00abcustodios de la creaci\u00f3n\u00bb y a no dejar \u00abque los signos de destrucci\u00f3n y de muerte acompa\u00f1en nuestro caminar\u00bb, conforme se recogi\u00f3 tambi\u00e9n en la declaraci\u00f3n final del Encuentro que se realiz\u00f3 en abril de 2013 y que fue el germen para la creaci\u00f3n de la REPAM.<\/div>\n<div>\u00a0<\/div>\n<div>Para el obispo de Puyo, la realizaci\u00f3n de este nuevo encuentro representa una extraordinaria ocasi\u00f3n para \u00abescuchar los latidos de nuestros pueblos ind\u00edgenas , los gritos de la naturaleza amaz\u00f3nica enferma y herida, por la ambici\u00f3n y codicia humana, para recoger sus l\u00e1grimas, para aplicar la medicina que corresponde y construir juntos sue\u00f1os y esperanzas\u00bb, para ser \u00abdisc\u00edpulos misioneros de Jes\u00fas, para que nuestros pueblos en El tengan vida, y vida en plenitud\u00bb, como se expresa en el documento Aparecida, se\u00f1al\u00f3.<\/div>\n<div>\u00a0<\/div>\n<div>Seg\u00fan dijo, escuchar los gritos de los pueblos de la Amazon\u00eda y dar \u00abun rostro amaz\u00f3nico a nuestra Iglesia, con una conversi\u00f3n ecol\u00f3gica y crear una ciudadan\u00eda ecol\u00f3gica, como dec\u00eda el Papa, demanda una atenci\u00f3n urgente a todos los niveles, espiritual, social, econ\u00f3mica y pol\u00edtica de las autoridades mundiales nacionales y locales, para que se tomen decisiones radicales antes de que sea demasiado tarde\u00bb.\u00a0<\/div>\n<div>familia Gualinga\u00bb \u00abQueremos agradecer a ustedes presentes en este encuentro, por su presencia, para que con su mente y coraz\u00f3n podamos compartir desde la experiencia del vivir de nuestros pueblos, reflexionar juntos estrategias y proyectos, para dar respuesta a los grandes desaf\u00edos que hoy se plantean a nuestro actuar y las realidades sociales en que vivimos\u00bb, dijo.<\/div>\n<div>\u00a0<\/div>\n<div>Agreg\u00f3 que desde una \u00abresponsabilidad \u00e9tica y moral, la Iglesia debe iluminar y comprometerse por la defensa de la vida de las personas, de la fauna y la flora, de la rica biodiversidad de esta tierra Amaz\u00f3nica y sus pueblos, es el derecho a la vida en el sentido m\u00e1s amplio que la palabra encierra\u00bb.<\/div>\n<div>\u00a0<\/div>\n<div>Fuente: periodistadigital.com<\/div>\n<p><a href=\"http:\/\/web.hilo.org.pe\/wp-content\/uploads\/hummes-repam_560x280.jpg\" target=\"_blank\" rel=\"noopener\">Ver archivo adjunto<\/a><\/p>\n","protected":false},"excerpt":{"rendered":"<p>\u00abEstoy aqu? para entregarles el abrazo y la bendici?n del papa Francisco a cada uno de ustedes, de manera especial a los pueblos ind?genas que ?l conoce, cu?nto ellos sufren y que sus derechos no son suficientemente reconocidos y promovidos, y tantas veces, simplemente, negados\u00bb, expres? el Cardenal Claudio Hummes, Presidente de la Red Eclesial Panamaz?nica, REPAM, en su saludo a los pueblos ind?genas amaz?nicos que se re?nen, desde ayer, en la ciudad amaz?nica de Puyo, Ecuador.<\/p>\n","protected":false},"author":1,"featured_media":7855,"comment_status":"closed","ping_status":"closed","sticky":false,"template":"","format":"standard","meta":{"footnotes":""},"categories":[9],"tags":[],"class_list":["post-2991","post","type-post","status-publish","format-standard","has-post-thumbnail","hentry","category-noticias"],"_links":{"self":[{"href":"https:\/\/ceas.org.pe\/index.php\/wp-json\/wp\/v2\/posts\/2991","targetHints":{"allow":["GET"]}}],"collection":[{"href":"https:\/\/ceas.org.pe\/index.php\/wp-json\/wp\/v2\/posts"}],"about":[{"href":"https:\/\/ceas.org.pe\/index.php\/wp-json\/wp\/v2\/types\/post"}],"author":[{"embeddable":true,"href":"https:\/\/ceas.org.pe\/index.php\/wp-json\/wp\/v2\/users\/1"}],"replies":[{"embeddable":true,"href":"https:\/\/ceas.org.pe\/index.php\/wp-json\/wp\/v2\/comments?post=2991"}],"version-history":[{"count":1,"href":"https:\/\/ceas.org.pe\/index.php\/wp-json\/wp\/v2\/posts\/2991\/revisions"}],"predecessor-version":[{"id":6227,"href":"https:\/\/ceas.org.pe\/index.php\/wp-json\/wp\/v2\/posts\/2991\/revisions\/6227"}],"wp:featuredmedia":[{"embeddable":true,"href":"https:\/\/ceas.org.pe\/index.php\/wp-json\/wp\/v2\/media\/7855"}],"wp:attachment":[{"href":"https:\/\/ceas.org.pe\/index.php\/wp-json\/wp\/v2\/media?parent=2991"}],"wp:term":[{"taxonomy":"category","embeddable":true,"href":"https:\/\/ceas.org.pe\/index.php\/wp-json\/wp\/v2\/categories?post=2991"},{"taxonomy":"post_tag","embeddable":true,"href":"https:\/\/ceas.org.pe\/index.php\/wp-json\/wp\/v2\/tags?post=2991"}],"curies":[{"name":"wp","href":"https:\/\/api.w.org\/{rel}","templated":true}]}}