{"id":2990,"date":"2016-10-25T12:54:22","date_gmt":"2016-10-25T12:54:22","guid":{"rendered":""},"modified":"2026-03-11T09:11:59","modified_gmt":"2026-03-11T14:11:59","slug":"se-inicio-55-encuentro-nacional-de-la-red-coritas-en-el-pero","status":"publish","type":"post","link":"https:\/\/ceas.org.pe\/index.php\/2016\/10\/25\/se-inicio-55-encuentro-nacional-de-la-red-coritas-en-el-pero\/","title":{"rendered":"Se inici\u00f3 55 Encuentro Nacional de la Red C\u00f3ritas en el Per\u00f3"},"content":{"rendered":"<p>Con la finalidad de fortalecer los fundamentos teol\u00f3gicos y pastorales de la Red C\u00e1ritas en el Per\u00fa para favorecer el desarrollo de capacidades humanas y t\u00e9cnicas, C\u00e1ritas del Per\u00fa con el apoyo de la organizaci\u00f3n Adveniat, organiza del 24 al 26 de octubre el 55 Encuentro Nacional de la Red C\u00e1ritas en el Per\u00fa.<\/p>\n<div>\u00a0<\/div>\n<div>La inauguraci\u00f3n del evento estar\u00e1 a cargo del Presidente y Secretario de C\u00e1ritas del Per\u00fa, Mons. Richard Alarc\u00f3n Urrutia y el Ing. Ramiro Mendoza Medina respectivamente.<\/div>\n<div>\u00a0<\/div>\n<div>Participar\u00e1n los Secretarios Generales de las 48 C\u00e1ritas Diocesanas distribuidas en todo el territorio nacional, quienes reflexionar\u00e1n sobre el Evangelio de la Caridad, que es la verdadera raz\u00f3n de ser de C\u00e1ritas.<\/div>\n<div>\u00a0<\/div>\n<div>Entre las actividades m\u00e1s importantes del Encuentro se encuentran:<\/div>\n<div>\u00a0<\/div>\n<div>\u00a0La ponencia de Mons. Daniel Turley, Obispo de Chulucanas con el tema \u201cNuestra Espiritualidad raz\u00f3n de ser de C\u00e1ritas desde Caritas in Veritate y la Deus Caritas Est\u201d.<\/div>\n<div>\u00a0<\/div>\n<div>La presentaci\u00f3n del Secretario Ejecutivo del Acuerdo Nacional, Javier Igu\u00ed\u00f1iz, quien nos dar\u00e1 a conocer la realidad econ\u00f3mico-social del Per\u00fa.<\/div>\n<div>\u00a0<\/div>\n<div>Un panel sobre oportunidades que se presentan para ayudar a tener proyectos en bien de las poblaciones m\u00e1s necesitadas a cargo de Martha Vicente Castro del CEPLAN, Carlos Loret de Mola del Ministerio del Ambiente y Mario R\u00edos Espinoza, Vice Ministro del Poblaciones Vulnerables del MIMP.<\/div>\n<div>\u00a0<\/div>\n<div>Como todos los a\u00f1os, las C\u00e1ritas Diocesanas dar\u00e1n a conocer en una feria interna sus proyectos y productos que vienen impulsando al servicio de los m\u00e1s necesitados.<\/div>\n<div>Este 55 Encuentro Nacional de la Red C\u00e1ritas en el Per\u00fa se desarrollar\u00e1 en la Casa de Retiro San Jos\u00e9 de Cluny ubicada en Jr. Arica 360 \u2013 Magdalena del Mar.<\/div>\n<div>\u00a0<\/div>\n<div>Fuente: caritas.org.pe<\/div>\n<p><a href=\"http:\/\/web.hilo.org.pe\/wp-content\/uploads\/encuentro_interior.jpg\" target=\"_blank\" rel=\"noopener\">Ver archivo adjunto<\/a><\/p>\n","protected":false},"excerpt":{"rendered":"<p>Con la finalidad de fortalecer los fundamentos teol?gicos y pastorales de la Red C?ritas en el Per? para favorecer el desarrollo de capacidades humanas y t?cnicas, C?ritas del Per? con el apoyo de la organizaci?n Adveniat, organiza del 24 al 26 de octubre el 55 Encuentro Nacional de la Red C?ritas en el Per?.<\/p>\n","protected":false},"author":1,"featured_media":7862,"comment_status":"closed","ping_status":"closed","sticky":false,"template":"","format":"standard","meta":{"footnotes":""},"categories":[9],"tags":[],"class_list":["post-2990","post","type-post","status-publish","format-standard","has-post-thumbnail","hentry","category-noticias"],"_links":{"self":[{"href":"https:\/\/ceas.org.pe\/index.php\/wp-json\/wp\/v2\/posts\/2990","targetHints":{"allow":["GET"]}}],"collection":[{"href":"https:\/\/ceas.org.pe\/index.php\/wp-json\/wp\/v2\/posts"}],"about":[{"href":"https:\/\/ceas.org.pe\/index.php\/wp-json\/wp\/v2\/types\/post"}],"author":[{"embeddable":true,"href":"https:\/\/ceas.org.pe\/index.php\/wp-json\/wp\/v2\/users\/1"}],"replies":[{"embeddable":true,"href":"https:\/\/ceas.org.pe\/index.php\/wp-json\/wp\/v2\/comments?post=2990"}],"version-history":[{"count":1,"href":"https:\/\/ceas.org.pe\/index.php\/wp-json\/wp\/v2\/posts\/2990\/revisions"}],"predecessor-version":[{"id":6228,"href":"https:\/\/ceas.org.pe\/index.php\/wp-json\/wp\/v2\/posts\/2990\/revisions\/6228"}],"wp:featuredmedia":[{"embeddable":true,"href":"https:\/\/ceas.org.pe\/index.php\/wp-json\/wp\/v2\/media\/7862"}],"wp:attachment":[{"href":"https:\/\/ceas.org.pe\/index.php\/wp-json\/wp\/v2\/media?parent=2990"}],"wp:term":[{"taxonomy":"category","embeddable":true,"href":"https:\/\/ceas.org.pe\/index.php\/wp-json\/wp\/v2\/categories?post=2990"},{"taxonomy":"post_tag","embeddable":true,"href":"https:\/\/ceas.org.pe\/index.php\/wp-json\/wp\/v2\/tags?post=2990"}],"curies":[{"name":"wp","href":"https:\/\/api.w.org\/{rel}","templated":true}]}}