{"id":2989,"date":"2016-10-25T12:40:30","date_gmt":"2016-10-25T12:40:30","guid":{"rendered":""},"modified":"2026-03-11T09:11:59","modified_gmt":"2026-03-11T14:11:59","slug":"santo-padre-nombra-a-nuevo-obispo-de-tarma","status":"publish","type":"post","link":"https:\/\/ceas.org.pe\/index.php\/2016\/10\/25\/santo-padre-nombra-a-nuevo-obispo-de-tarma\/","title":{"rendered":"Santo Padre nombra a nuevo obispo de Tarma"},"content":{"rendered":"<p>El obispo electo naci\u00f3 en 1966 en Gorgor (Cajatambo, Lima), fue ordenado sacerdote en 1995. Estudi\u00f3 Filosof\u00eda y Teolog\u00eda en el Instituto de Estudios Superiores Juan XXIII de Lima. En su ministerio pastoral ha sido entre otros, p\u00e1rroco y formador de postulantes combonianos en la Rep\u00fablica Centroafricana. Actualmente era Superior provincial de la Provincia de los Misioneros Combonianos para Per\u00fa y Chile y vicepresidente de la Conferencia de los Superiores Mayores de Religiosos en Per\u00fa.<\/p>\n<p>Fuente: Oficina de Prensa de la Santa Sede<\/p>\n<p><a href=\"http:\/\/web.hilo.org.pe\/wp-content\/uploads\/Nuevo Obispo de Tarma.jpg\" target=\"_blank\" rel=\"noopener\">Ver archivo adjunto<\/a><\/p>\n","protected":false},"excerpt":{"rendered":"<p>\u00a0El obispo electo naci\u00f3 en 1966 en Gorgor (Cajatambo, Lima), fue ordenado sacerdote en 1995. Estudi\u00f3 Filosof\u00eda y Teolog\u00eda en el Instituto de Estudios Superiores Juan XXIII de Lima. En su ministerio pastoral ha sido entre otros, p\u00e1rroco y formador de postulantes combonianos en la Rep\u00fablica Centroafricana.<\/p>\n","protected":false},"author":1,"featured_media":7884,"comment_status":"closed","ping_status":"closed","sticky":false,"template":"","format":"standard","meta":{"footnotes":""},"categories":[9],"tags":[],"class_list":["post-2989","post","type-post","status-publish","format-standard","has-post-thumbnail","hentry","category-noticias"],"_links":{"self":[{"href":"https:\/\/ceas.org.pe\/index.php\/wp-json\/wp\/v2\/posts\/2989","targetHints":{"allow":["GET"]}}],"collection":[{"href":"https:\/\/ceas.org.pe\/index.php\/wp-json\/wp\/v2\/posts"}],"about":[{"href":"https:\/\/ceas.org.pe\/index.php\/wp-json\/wp\/v2\/types\/post"}],"author":[{"embeddable":true,"href":"https:\/\/ceas.org.pe\/index.php\/wp-json\/wp\/v2\/users\/1"}],"replies":[{"embeddable":true,"href":"https:\/\/ceas.org.pe\/index.php\/wp-json\/wp\/v2\/comments?post=2989"}],"version-history":[{"count":1,"href":"https:\/\/ceas.org.pe\/index.php\/wp-json\/wp\/v2\/posts\/2989\/revisions"}],"predecessor-version":[{"id":6229,"href":"https:\/\/ceas.org.pe\/index.php\/wp-json\/wp\/v2\/posts\/2989\/revisions\/6229"}],"wp:featuredmedia":[{"embeddable":true,"href":"https:\/\/ceas.org.pe\/index.php\/wp-json\/wp\/v2\/media\/7884"}],"wp:attachment":[{"href":"https:\/\/ceas.org.pe\/index.php\/wp-json\/wp\/v2\/media?parent=2989"}],"wp:term":[{"taxonomy":"category","embeddable":true,"href":"https:\/\/ceas.org.pe\/index.php\/wp-json\/wp\/v2\/categories?post=2989"},{"taxonomy":"post_tag","embeddable":true,"href":"https:\/\/ceas.org.pe\/index.php\/wp-json\/wp\/v2\/tags?post=2989"}],"curies":[{"name":"wp","href":"https:\/\/api.w.org\/{rel}","templated":true}]}}