{"id":2988,"date":"2016-10-24T18:03:50","date_gmt":"2016-10-24T18:03:50","guid":{"rendered":""},"modified":"2026-03-11T09:11:59","modified_gmt":"2026-03-11T14:11:59","slug":"el-papa-recibio-a-presidente-de-venezuela-y-le-pide-emprender-diologo-sincero","status":"publish","type":"post","link":"https:\/\/ceas.org.pe\/index.php\/2016\/10\/24\/el-papa-recibio-a-presidente-de-venezuela-y-le-pide-emprender-diologo-sincero\/","title":{"rendered":"El Papa recibi\u00f3 a presidente de Venezuela y le pide emprender di\u00f3logo sincero"},"content":{"rendered":"<p>El papa Francisco ha recibido esta tarde de forma privada al presidente de Venezuela, Nicol\u00e1s Maduro, sin estar previsto en su agenda oficial.<\/p>\n<p>El encuentro \u2013ha informado la oficina de prensa del Vaticano\u2013 se ha celebrado en el marco de la preocupante situaci\u00f3n de crisis pol\u00edtica, social y econ\u00f3mica que el pa\u00eds est\u00e1 atravesando y que se afecta fuertemente en la vida diaria de toda la poblaci\u00f3n.<\/p>\n<div>De esta forma, el Papa, \u201cque tiene en el coraz\u00f3n el bien de todos los venezolanos\u201d ha deseado continuar ofreciendo su contribuci\u00f3n \u201ca favor de la institucionalidad del pa\u00eds y de cada paso que contribuya las cuestiones abiertas y crear mayor confianza entre las partes\u201d.<\/div>\n<div>Asimismo ha invitado a \u201cemprender con valent\u00eda el camino del di\u00e1logo sincero y constructivo\u201d para \u201caliviar los sufrimientos de la gente, de los pobres en primer lugar\u201d y \u201cpromover un clima de renovada cohesi\u00f3n social\u201d que permita \u201cmirar con esperanza al futuro de la naci\u00f3n\u201d.<\/div>\n<div>\u00a0<\/div>\n<div>Esta ha sido la segunda vez que el presidente de Venezuela se re\u00fane con el Pont\u00edfice. La primera vez fue el 17 de junio de 2013. En dicha ocasi\u00f3n en el encuentro \u201cse detuvieron sobre la situaci\u00f3n social y pol\u00edtica del pa\u00eds, despu\u00e9s del reciente fallecimiento del presidente Hugo Ch\u00e1vez Fr\u00edas, as\u00ed como sobre algunos problemas de actualidad, como la pobreza y la lucha contra la delincuencia y el tr\u00e1fico de drogas\u201d.<\/div>\n<div>\u00a0<\/div>\n<div>En el mes de junio de 2015, el Santo Padre y el mandatario venezolano ten\u00edan previsto otro encuentro en el Vaticano que fue anulado d\u00edas antes porque Maduro suspendi\u00f3 su viaje a Roma, aduciendo una fuerte otitis.<\/div>\n<div>\u00a0<\/div>\n<div>Fuente: zenit.org<\/div>\n<p><a href=\"http:\/\/web.hilo.org.pe\/wp-content\/uploads\/Papa recibe a Nicolas Maduro.png\" target=\"_blank\" rel=\"noopener\">Ver archivo adjunto<\/a><\/p>\n","protected":false},"excerpt":{"rendered":"<p>El papa Francisco ha recibido esta tarde de forma privada al presidente de Venezuela, Nicol?s Maduro, sin estar previsto en su agenda oficial.<\/p>\n","protected":false},"author":1,"featured_media":7874,"comment_status":"closed","ping_status":"closed","sticky":false,"template":"","format":"standard","meta":{"footnotes":""},"categories":[9],"tags":[],"class_list":["post-2988","post","type-post","status-publish","format-standard","has-post-thumbnail","hentry","category-noticias"],"_links":{"self":[{"href":"https:\/\/ceas.org.pe\/index.php\/wp-json\/wp\/v2\/posts\/2988","targetHints":{"allow":["GET"]}}],"collection":[{"href":"https:\/\/ceas.org.pe\/index.php\/wp-json\/wp\/v2\/posts"}],"about":[{"href":"https:\/\/ceas.org.pe\/index.php\/wp-json\/wp\/v2\/types\/post"}],"author":[{"embeddable":true,"href":"https:\/\/ceas.org.pe\/index.php\/wp-json\/wp\/v2\/users\/1"}],"replies":[{"embeddable":true,"href":"https:\/\/ceas.org.pe\/index.php\/wp-json\/wp\/v2\/comments?post=2988"}],"version-history":[{"count":1,"href":"https:\/\/ceas.org.pe\/index.php\/wp-json\/wp\/v2\/posts\/2988\/revisions"}],"predecessor-version":[{"id":6230,"href":"https:\/\/ceas.org.pe\/index.php\/wp-json\/wp\/v2\/posts\/2988\/revisions\/6230"}],"wp:featuredmedia":[{"embeddable":true,"href":"https:\/\/ceas.org.pe\/index.php\/wp-json\/wp\/v2\/media\/7874"}],"wp:attachment":[{"href":"https:\/\/ceas.org.pe\/index.php\/wp-json\/wp\/v2\/media?parent=2988"}],"wp:term":[{"taxonomy":"category","embeddable":true,"href":"https:\/\/ceas.org.pe\/index.php\/wp-json\/wp\/v2\/categories?post=2988"},{"taxonomy":"post_tag","embeddable":true,"href":"https:\/\/ceas.org.pe\/index.php\/wp-json\/wp\/v2\/tags?post=2988"}],"curies":[{"name":"wp","href":"https:\/\/api.w.org\/{rel}","templated":true}]}}