{"id":2987,"date":"2016-10-24T18:00:29","date_gmt":"2016-10-24T18:00:29","guid":{"rendered":""},"modified":"2026-03-11T09:11:59","modified_gmt":"2026-03-11T14:11:59","slug":"libro-obenedicto-y-franciscoo-presenta-desafoos-que-la-sociedad-y-las-culturas-plantean-a-la-iglesia","status":"publish","type":"post","link":"https:\/\/ceas.org.pe\/index.php\/2016\/10\/24\/libro-obenedicto-y-franciscoo-presenta-desafoos-que-la-sociedad-y-las-culturas-plantean-a-la-iglesia\/","title":{"rendered":"Libro \u00f3Benedicto y Francisco\u00f3 presenta desaf\u00f3os que la sociedad y las culturas plantean a la Iglesia"},"content":{"rendered":"<p>Se llama \u201cBenedicto &#038; Francisco. Sucesores de Pedro al servicio de la Iglesia\u201d, el nuevo libro del cardenal Gerhard L. M\u00fcller, prefecto de la Congregaci\u00f3n para la Doctrina de la Fe. El volumen parte de una disertaci\u00f3n del purpurado \u2014 ya supervisor de la obra omnia de Joseph Ratzinger \u2013 pronunciada el 17 de abril de 2015, con ocasi\u00f3n del 10\u00ba aniversario de la elecci\u00f3n al trono de Pedro del Papa alem\u00e1n, sobre el tema \u201cel primado de Pedro en el pontificado de Benedicto XVI\u201d.<\/p>\n<div>\u00a0<\/div>\n<div>A partir de esta contribuci\u00f3n, en el libro se recogen otras intervenciones entre las m\u00e1s significativas en las que M\u00fcller presenta con franqueza, an\u00e1lisis y reflexiones, sobre los desaf\u00edos que las sociedades y las culturas contempor\u00e1neas plantean a la Iglesia, relanzando el debate sobre distintas tem\u00e1ticas como el papel del papado hoy, el valor de la laicidad para el cristiano, la aparente dicotom\u00eda entre la unicidad de la Iglesia fundada por Jes\u00fas de Nazaret y el ecumenismo, la llamada universal al apostolado y a la santidad en la exigencia de una nueva evangelizaci\u00f3n.<\/div>\n<div>\u00a0<\/div>\n<div>Cuestiones a las que los Papas \u2013tambi\u00e9n Benedicto y Francisco\u2013 responden cada uno con el carisma que le es propio y que el cardenal en estas p\u00e1ginas pretende subrayar. Escribe el cardenal: \u201cEn la \u2018dictadura del relativismo\u2019 y en la \u2018globalizaci\u00f3n de la indiferencia\u2019 \u2013por retomar las expresiones de Benedicto XVI y de Francisco\u2013 los confines entre verdad y mentira, entre bien y mal se confunde. El desaf\u00edo para la jerarqu\u00eda y para todos los miembros de la Iglesia consiste en el resistere a estas infecciones mundanas y en el cuidado de las enfermedades espirituales de nuestro tiempo\u201d.<\/div>\n<div>\u00a0<\/div>\n<div>Como revela el autor, por grave que sea la crisis del hombre de nuestro tiempo y por mucho que el mundo parezca cada d\u00eda en el punto de romperse entre narcisismos personales y conflictos cada vez m\u00e1s globales, se encuentra en el Evangelio, encarnado a trav\u00e9s de los siglos en la Tradici\u00f3n de la Iglesia que constantemente desarrolla su misi\u00f3n sacramental en torno al romano Pont\u00edfice, el \u00fanico faro que puede ayudar al hombre, cada hombre, esa huella divina que lo distrae del horizonte terreno y lo hace, desde ahora, ciudadano de la Jerusal\u00e9n celeste.<\/div>\n<div>\u00a0<\/div>\n<div>El pr\u00f3logo lo ha realizado Cesare Cavalleri, periodista y cr\u00edtico literario, que escribe: \u201c\u00bfQu\u00e9 rasgo com\u00fan caracteriza el pontificado de Benedicto XVI y el de Francisco? La ra\u00edz teol\u00f3gica, y por tanto tambi\u00e9n pastoral, de ambos es, y no pod\u00eda no ser, cristol\u00f3gica. Pero los dos Sumos Pont\u00edfices la especifican con originalidad personal, como se ve en sus ensayos reunidos en este volumen del cardenal prefecto de la Congregaci\u00f3n por la Doctrina de la Fe\u201d.<\/div>\n<div>\u00a0<\/div>\n<div>Fuente: zenit.org<\/div>\n<p>\u00a0<\/p>\n<p><a href=\"http:\/\/web.hilo.org.pe\/wp-content\/uploads\/Libro benedicto y francisco.png\" target=\"_blank\" rel=\"noopener\">Ver archivo adjunto<\/a><\/p>\n","protected":false},"excerpt":{"rendered":"<p>Se llama ?Benedicto &#038; Francisco. Sucesores de Pedro al servicio de la Iglesia?, el nuevo libro del cardenal Gerhard L. M?ller, prefecto de la Congregaci?n para la Doctrina de la Fe. El volumen parte de una disertaci?n del purpurado ? ya supervisor de la obra omnia de Joseph Ratzinger ? pronunciada el 17 de abril de 2015, con ocasi?n del 10? aniversario de la elecci?n al trono de Pedro del Papa alem?n, sobre el tema ?el primado de Pedro en el pontificado de Benedicto XVI?.<\/p>\n","protected":false},"author":1,"featured_media":7855,"comment_status":"closed","ping_status":"closed","sticky":false,"template":"","format":"standard","meta":{"footnotes":""},"categories":[9],"tags":[],"class_list":["post-2987","post","type-post","status-publish","format-standard","has-post-thumbnail","hentry","category-noticias"],"_links":{"self":[{"href":"https:\/\/ceas.org.pe\/index.php\/wp-json\/wp\/v2\/posts\/2987","targetHints":{"allow":["GET"]}}],"collection":[{"href":"https:\/\/ceas.org.pe\/index.php\/wp-json\/wp\/v2\/posts"}],"about":[{"href":"https:\/\/ceas.org.pe\/index.php\/wp-json\/wp\/v2\/types\/post"}],"author":[{"embeddable":true,"href":"https:\/\/ceas.org.pe\/index.php\/wp-json\/wp\/v2\/users\/1"}],"replies":[{"embeddable":true,"href":"https:\/\/ceas.org.pe\/index.php\/wp-json\/wp\/v2\/comments?post=2987"}],"version-history":[{"count":1,"href":"https:\/\/ceas.org.pe\/index.php\/wp-json\/wp\/v2\/posts\/2987\/revisions"}],"predecessor-version":[{"id":6231,"href":"https:\/\/ceas.org.pe\/index.php\/wp-json\/wp\/v2\/posts\/2987\/revisions\/6231"}],"wp:featuredmedia":[{"embeddable":true,"href":"https:\/\/ceas.org.pe\/index.php\/wp-json\/wp\/v2\/media\/7855"}],"wp:attachment":[{"href":"https:\/\/ceas.org.pe\/index.php\/wp-json\/wp\/v2\/media?parent=2987"}],"wp:term":[{"taxonomy":"category","embeddable":true,"href":"https:\/\/ceas.org.pe\/index.php\/wp-json\/wp\/v2\/categories?post=2987"},{"taxonomy":"post_tag","embeddable":true,"href":"https:\/\/ceas.org.pe\/index.php\/wp-json\/wp\/v2\/tags?post=2987"}],"curies":[{"name":"wp","href":"https:\/\/api.w.org\/{rel}","templated":true}]}}