{"id":2986,"date":"2016-10-21T14:24:09","date_gmt":"2016-10-21T14:24:09","guid":{"rendered":""},"modified":"2026-03-11T09:11:59","modified_gmt":"2026-03-11T14:11:59","slug":"apartamento-del-papa-en-castelgandolfo-se-abriro-por-primera-vez-al-poblico","status":"publish","type":"post","link":"https:\/\/ceas.org.pe\/index.php\/2016\/10\/21\/apartamento-del-papa-en-castelgandolfo-se-abriro-por-primera-vez-al-poblico\/","title":{"rendered":"Apartamento del Papa en Castelgandolfo se abrir\u00f3 por primera vez al p\u00f3blico"},"content":{"rendered":"<p>El apartamento pontificio del Palacio Apost\u00f3lico de Castelgandolfo, situado a unos 20 kil\u00f3metros de Roma, abrir\u00e1 sus puertas al p\u00fablico por primera vez este s\u00e1bado 22 de octubre. Se ampl\u00eda as\u00ed el espacio visitable de las Villas Pontificias: los jardines de Villa Barberini se pueden visitar ya desde hace dos a\u00f1os y la Galer\u00eda de los Retratos de los Pont\u00edfices desde el a\u00f1o pasado. Ahora, a partir de este s\u00e1bado, se a\u00f1aden las habitaciones usadas por los Papas como descanso de verano. Ser\u00e1 posible visitar el apartamento pontificio todos los d\u00edas excepto el domingo y se podr\u00e1 reservar la visita desde la p\u00e1gina web de los museos vaticanos. \u00a0<\/p>\n<div>\u00a0<\/div>\n<div>Urbano VIII Barberini (1623-1644), que siendo cardenal ya le gustaba pasar temporadas en Castelgandolfo, fue el primer Papa que vivi\u00f3 en esta residencia en la primavera de 1626, una vez terminados los trabajos de restauraci\u00f3n y ampliaci\u00f3n del Palacio realizados por Carlo Maderno y ayudado por Bartolomeo Breccioli y Domenico Castelli como arquitectos subalternos.<\/div>\n<div>\u00a0<\/div>\n<div>Y desde entonces, Castelgandolfo se convirti\u00f3 en una segunda residencia para muchos Pont\u00edfices. Benedicto XVI ha sido el \u00faltimo en utilizar esta \u2018casa de verano\u2019 ya que Francisco, desde el principio de su pontificado, ha preferido permanecer todo el a\u00f1o en Roma. Adem\u00e1s, el papa em\u00e9rito pas\u00f3 en este lugar sus primeras semanas de retiro tras su renuncia. Es decir, desde el 28 de febrero de 2013 hasta su regreso al Vaticano, el 2 de mayo, tras la elecci\u00f3n de Francisco como sucesor de Pedro.<\/div>\n<div>\u00a0<\/div>\n<div>Una de las curiosidades que encierra este lugar, es el nacimiento de 40 ni\u00f1os en la cama del Papa. Y es que el 22 de enero de 1944, tras el desembarco de las tropas de Estados Unidos en el puerto de Anzio, habi\u00e9ndose convertido toda la zona en un frente de guerra, los habitantes de Castelgandolfo y de los alrededores corrieron a las puertas de las Villas. Se calcula que hasta doce mil personas encontraron refugio en aquel per\u00edodo, y all\u00ed permanecieron hasta la liberaci\u00f3n de Roma, el 4 de junio. El apartamento papal fue reservado a las madres que estaban a punto de dar a luz, de modo que en aquellos meses pudieron nacer unos cuarenta ni\u00f1os.<\/div>\n<div>\u00a0<\/div>\n<div>Al entrar en las Villas Pontificias de Castelgandolfo se encuentran con importantes restos de una de las m\u00e1s famosas villas de la antig\u00fcedad, la Albanum Domitiani, grande residencia de campo del emperador Domiciano (81-96 d.C.), que ten\u00eda una extensi\u00f3n de 14 km2, desde la Via Appia hasta el lago de Albano.<\/div>\n<div>\u00a0<\/div>\n<div>Las Villas Pontificias se levantan sobre los restos de la parte central de la residencia imperial que inclu\u00eda, seg\u00fan la hip\u00f3tesis de algunos estudiosos, tambi\u00e9n la Arx Albana, situada en el extremo de la colina de Castelgandolfo, donde ahora se yergue el Palacio Pontificio y que tiempo atr\u00e1s comprend\u00eda el centro de la antigua Albalonga.<\/div>\n<div>\u00a0<\/div>\n<div>Fuente: zenit.org<\/div>\n<p><a href=\"http:\/\/web.hilo.org.pe\/wp-content\/uploads\/ApartamentopontificiodeCastelgandolfoseabrealpublico.jpg\" target=\"_blank\" rel=\"noopener\">Ver archivo adjunto<\/a><\/p>\n","protected":false},"excerpt":{"rendered":"<p>El apartamento pontificio del Palacio Apost?lico de Castelgandolfo, situado a unos 20 kil?metros de Roma, abrir? sus puertas al p?blico por primera vez este s?bado 22 de octubre. Se ampl?a as? el espacio visitable de las Villas Pontificias: los jardines de Villa Barberini se pueden visitar ya desde hace dos a?os y la Galer?a de los Retratos de los Pont?fices desde el a?o pasado.<\/p>\n","protected":false},"author":1,"featured_media":7874,"comment_status":"closed","ping_status":"closed","sticky":false,"template":"","format":"standard","meta":{"footnotes":""},"categories":[9],"tags":[],"class_list":["post-2986","post","type-post","status-publish","format-standard","has-post-thumbnail","hentry","category-noticias"],"_links":{"self":[{"href":"https:\/\/ceas.org.pe\/index.php\/wp-json\/wp\/v2\/posts\/2986","targetHints":{"allow":["GET"]}}],"collection":[{"href":"https:\/\/ceas.org.pe\/index.php\/wp-json\/wp\/v2\/posts"}],"about":[{"href":"https:\/\/ceas.org.pe\/index.php\/wp-json\/wp\/v2\/types\/post"}],"author":[{"embeddable":true,"href":"https:\/\/ceas.org.pe\/index.php\/wp-json\/wp\/v2\/users\/1"}],"replies":[{"embeddable":true,"href":"https:\/\/ceas.org.pe\/index.php\/wp-json\/wp\/v2\/comments?post=2986"}],"version-history":[{"count":1,"href":"https:\/\/ceas.org.pe\/index.php\/wp-json\/wp\/v2\/posts\/2986\/revisions"}],"predecessor-version":[{"id":6232,"href":"https:\/\/ceas.org.pe\/index.php\/wp-json\/wp\/v2\/posts\/2986\/revisions\/6232"}],"wp:featuredmedia":[{"embeddable":true,"href":"https:\/\/ceas.org.pe\/index.php\/wp-json\/wp\/v2\/media\/7874"}],"wp:attachment":[{"href":"https:\/\/ceas.org.pe\/index.php\/wp-json\/wp\/v2\/media?parent=2986"}],"wp:term":[{"taxonomy":"category","embeddable":true,"href":"https:\/\/ceas.org.pe\/index.php\/wp-json\/wp\/v2\/categories?post=2986"},{"taxonomy":"post_tag","embeddable":true,"href":"https:\/\/ceas.org.pe\/index.php\/wp-json\/wp\/v2\/tags?post=2986"}],"curies":[{"name":"wp","href":"https:\/\/api.w.org\/{rel}","templated":true}]}}