{"id":2985,"date":"2016-10-21T14:22:05","date_gmt":"2016-10-21T14:22:05","guid":{"rendered":""},"modified":"2026-03-11T09:11:59","modified_gmt":"2026-03-11T14:11:59","slug":"santo-padre-envoa-telegrama-a-mujeres-agentes-de-paz-en-oriente-medio","status":"publish","type":"post","link":"https:\/\/ceas.org.pe\/index.php\/2016\/10\/21\/santo-padre-envoa-telegrama-a-mujeres-agentes-de-paz-en-oriente-medio\/","title":{"rendered":"Santo Padre env\u00f3a telegrama a Mujeres agentes de Paz en Oriente Medio"},"content":{"rendered":"<p>El Papa Francisco envi\u00f3 un telegrama a los participantes en la segunda Conferencia con las mujeres de Oriente Medio y del Mediterr\u00e1neo que se realiza en la ciudad italiana de Bari sobre el tema \u201cMujeres agentes de paz para una cultura del encuentro y del di\u00e1logo\u201d.<\/p>\n<div>\u00a0<\/div>\n<div>En el telegrama firmado por el secretario de estado, el cardenal Pietro Parol\u00edn, el Papa expresa su deseo de \u201cque se ampl\u00eden los espacios de la presencia de las mujeres y se intensifique su obra en la b\u00fasqueda de ocasiones de encuentro, de conocimiento y de di\u00e1logo y el com\u00fan compromiso para la edificaci\u00f3n de un futuro de prosperidad y de paz, que produzca abundantes frutos de crecimiento humano y social\u201d.<\/div>\n<div>\u00a0<\/div>\n<div>La Conferencia que inici\u00f3 hoy jueves y concluye este pr\u00f3ximo domingo es promovida por la Uni\u00f3n Mundial de Organizaciones Femeninas Cat\u00f3licas, junto al F\u00f3rum Internacional de Acci\u00f3n Cat\u00f3lica y la Acci\u00f3n Cat\u00f3lica Italiana.<\/div>\n<div>\u00a0<\/div>\n<div>El evento se desarrolla en el contexto del Jubileo Extraordinario de la Misericordia, que \u201cinvita a todos a realizar obras de misericordia corporales y espirituales\u201d, se lee en el telegrama.<\/div>\n<div>\u00a0<\/div>\n<div>En la misiva el Santo Padre dirige sus buenos deseos y \u201csaluda cordialmente a todas las mujeres presentes\u201d en particular \u201ca aquellas procedentes del Oriente Medio y de los pa\u00edses marcados por conflictos sociales, la pobreza y las discriminaciones\u201d, inform\u00f3 Radio Vaticano.<\/div>\n<div>\u00a0<\/div>\n<div>Durante el evento se realizar\u00e1 tambi\u00e9n un momento de oraci\u00f3n ecum\u00e9nica en la cripta de la Bas\u00edlica de San Nicol\u00e1s, para rezar por la paz en Siria y en todo Oriente Medio.<\/div>\n<div>\u00a0<\/div>\n<div>Una conferencia que es continuaci\u00f3n de la que se realiz\u00f3 hace algunos a\u00f1os atr\u00e1s en Amman, Jordania, la cual constituy\u00f3 un primer acercamiento a las mujeres cristianas de Oriente Medio, quienes hacen un importante trabajo de reconciliaci\u00f3n entre las partes.<\/div>\n<div>\u00a0<\/div>\n<div>Fuente: zenit.org<\/div>\n<p><a href=\"http:\/\/web.hilo.org.pe\/wp-content\/uploads\/Franciscoenviatelegramaa mujreresagentedepazenoriente.jpg\" target=\"_blank\" rel=\"noopener\">Ver archivo adjunto<\/a><\/p>\n","protected":false},"excerpt":{"rendered":"<p>El Papa Francisco envi? un telegrama a los participantes en la segunda Conferencia con las mujeres de Oriente Medio y del Mediterr?neo que se realiza en la ciudad italiana de Bari sobre el tema ?Mujeres agentes de paz para una cultura del encuentro y del di?logo?.<\/p>\n","protected":false},"author":1,"featured_media":7889,"comment_status":"closed","ping_status":"closed","sticky":false,"template":"","format":"standard","meta":{"footnotes":""},"categories":[9],"tags":[],"class_list":["post-2985","post","type-post","status-publish","format-standard","has-post-thumbnail","hentry","category-noticias"],"_links":{"self":[{"href":"https:\/\/ceas.org.pe\/index.php\/wp-json\/wp\/v2\/posts\/2985","targetHints":{"allow":["GET"]}}],"collection":[{"href":"https:\/\/ceas.org.pe\/index.php\/wp-json\/wp\/v2\/posts"}],"about":[{"href":"https:\/\/ceas.org.pe\/index.php\/wp-json\/wp\/v2\/types\/post"}],"author":[{"embeddable":true,"href":"https:\/\/ceas.org.pe\/index.php\/wp-json\/wp\/v2\/users\/1"}],"replies":[{"embeddable":true,"href":"https:\/\/ceas.org.pe\/index.php\/wp-json\/wp\/v2\/comments?post=2985"}],"version-history":[{"count":1,"href":"https:\/\/ceas.org.pe\/index.php\/wp-json\/wp\/v2\/posts\/2985\/revisions"}],"predecessor-version":[{"id":6233,"href":"https:\/\/ceas.org.pe\/index.php\/wp-json\/wp\/v2\/posts\/2985\/revisions\/6233"}],"wp:featuredmedia":[{"embeddable":true,"href":"https:\/\/ceas.org.pe\/index.php\/wp-json\/wp\/v2\/media\/7889"}],"wp:attachment":[{"href":"https:\/\/ceas.org.pe\/index.php\/wp-json\/wp\/v2\/media?parent=2985"}],"wp:term":[{"taxonomy":"category","embeddable":true,"href":"https:\/\/ceas.org.pe\/index.php\/wp-json\/wp\/v2\/categories?post=2985"},{"taxonomy":"post_tag","embeddable":true,"href":"https:\/\/ceas.org.pe\/index.php\/wp-json\/wp\/v2\/tags?post=2985"}],"curies":[{"name":"wp","href":"https:\/\/api.w.org\/{rel}","templated":true}]}}