{"id":2984,"date":"2016-10-19T19:05:04","date_gmt":"2016-10-19T19:05:04","guid":{"rendered":""},"modified":"2026-03-11T09:11:59","modified_gmt":"2026-03-11T14:11:59","slug":"mensaje-del-ministro-de-relaciones-exteriores-por-el-doa-de-los-peruanos-en-el-exterior","status":"publish","type":"post","link":"https:\/\/ceas.org.pe\/index.php\/2016\/10\/19\/mensaje-del-ministro-de-relaciones-exteriores-por-el-doa-de-los-peruanos-en-el-exterior\/","title":{"rendered":"Mensaje del Ministro de Relaciones Exteriores por el D\u00f3a de los Peruanos en el Exterior"},"content":{"rendered":"<p>Queridos compatriotas: \u00a0 En ocasi\u00f3n de celebrarse el \u201cD\u00eda de los Peruanos que residen en el Exterior\u201d, deseo hacerles llegar, a cada uno de ustedes y a sus familiares, un cordial y afectuoso saludo, en nombre del Gobierno del Per\u00fa y, especialmente, del Ministerio de Relaciones Exteriores. \u00a0\u00a0<\/p>\n<div>\u00a0<\/div>\n<div>En esta fecha el Estado peruano reconoce a los compatriotas que dejaron f\u00edsicamente la patria para construir, con esfuerzo y sacrificio, un proyecto de vida con nuevas oportunidades y desaf\u00edos. Para ello es encomiable la capacidad que ustedes han tenido para insertarse en una nueva sociedad, donde su creatividad y trabajo han generado notables aportes. Y lejos de que tal proceso debilite el v\u00ednculo con nuestro pa\u00eds, \u00e9ste retroalimenta la identidad nacional, as\u00ed como la peruanidad y la imagen del Per\u00fa en el exterior. \u00a0\u00a0<\/div>\n<div>\u00a0<\/div>\n<div>El gobierno del Presidente Kuczynski otorga una particular importancia a las comunidades peruanas en el exterior. En ese sentido, la Canciller\u00eda renueva su compromiso de continuar modernizando los servicios consulares para convertirlos en procesos m\u00e1s expeditivos y de mayor calidad. \u00a0 \u00a0<\/div>\n<div>\u00a0<\/div>\n<div>Asimismo, la permanente orientaci\u00f3n y apoyo a las colectividades peruanas en el exterior, mediante acciones y programas dirigidos al fortalecimiento de los mecanismos de protecci\u00f3n y asistencia, forman parte esencial de nuestra labor consular. A ello se agrega el fomento de la identidad nacional y la promoci\u00f3n de los valores nacionales, donde contribuyen con indiscutible acierto las diversas organizaciones y asociaciones de peruanos en el exterior. \u00a0<\/div>\n<div>\u00a0 \u00a0<\/div>\n<div>Un objetivo de este gobierno es promover la aprobaci\u00f3n de normas y la suscripci\u00f3n de acuerdos de seguridad social y de cooperaci\u00f3n que salvaguarden los derechos de nuestros connacionales en su condici\u00f3n de migrantes. En tal sentido, pr\u00f3ximamente se aprobar\u00e1 un dispositivo legal que perfeccione los alcances de la Ley de Retorno; se contin\u00faa negociando acuerdos sobre seguridad social y se est\u00e1 concluyendo la elaboraci\u00f3n de una pol\u00edtica migratoria nacional que ofrezca un adecuado soporte a nuestra comunidad en el exterior, entre otras tareas. \u00a0\u00a0<\/div>\n<div>\u00a0<\/div>\n<div>En el \u201cD\u00eda de los Peruanos que residen en el Exterior\u201d, al igual que en a\u00f1os anteriores, el Estado peruano, a trav\u00e9s del Ministerio de Relaciones Exteriores, reconocer\u00e1 a 10 compatriotas que han destacado por sus acciones de car\u00e1cter social a favor de nuestros connacionales o por aqu\u00e9llas orientadas al fortalecimiento de las colectividades peruanas en el exterior. \u00a0 \u00a0<\/div>\n<div>\u00a0<\/div>\n<div>Al hacer p\u00fablico su reconocimiento a este grupo de connacionales, el Gobierno del Per\u00fa desea felicitar a todos los compatriotas cuyo trabajo y solidaridad en el exterior se han convertido en un motivo de satisfacci\u00f3n para el pa\u00eds. \u00a0\u00a0<\/div>\n<div>Les hago llegar mis afectuosos votos por el bienestar de todos ustedes y de sus familiares. \u00a0 \u00a0 \u00a0\u00a0<\/div>\n<div>\u00a0<\/div>\n<div>RICARDO LUNA MENDOZA\u00a0<\/div>\n<div>Ministro de Relaciones Exteriores del Per\u00fa<\/div>\n<p><a href=\"http:\/\/web.hilo.org.pe\/wp-content\/uploads\/Dia de los Peruanos en el Exterior.jpg\" target=\"_blank\" rel=\"noopener\">Ver archivo adjunto<\/a><\/p>\n","protected":false},"excerpt":{"rendered":"<p>Queridos compatriotas:   En ocasi?n de celebrarse el ?D?a de los Peruanos que residen en el Exterior?, deseo hacerles llegar, a cada uno de ustedes y a sus familiares, un cordial y afectuoso saludo, en nombre del Gobierno del Per? y, especialmente, del Ministerio de Relaciones Exteriores.<\/p>\n","protected":false},"author":1,"featured_media":7973,"comment_status":"closed","ping_status":"closed","sticky":false,"template":"","format":"standard","meta":{"footnotes":""},"categories":[9],"tags":[],"class_list":["post-2984","post","type-post","status-publish","format-standard","has-post-thumbnail","hentry","category-noticias"],"_links":{"self":[{"href":"https:\/\/ceas.org.pe\/index.php\/wp-json\/wp\/v2\/posts\/2984","targetHints":{"allow":["GET"]}}],"collection":[{"href":"https:\/\/ceas.org.pe\/index.php\/wp-json\/wp\/v2\/posts"}],"about":[{"href":"https:\/\/ceas.org.pe\/index.php\/wp-json\/wp\/v2\/types\/post"}],"author":[{"embeddable":true,"href":"https:\/\/ceas.org.pe\/index.php\/wp-json\/wp\/v2\/users\/1"}],"replies":[{"embeddable":true,"href":"https:\/\/ceas.org.pe\/index.php\/wp-json\/wp\/v2\/comments?post=2984"}],"version-history":[{"count":1,"href":"https:\/\/ceas.org.pe\/index.php\/wp-json\/wp\/v2\/posts\/2984\/revisions"}],"predecessor-version":[{"id":6234,"href":"https:\/\/ceas.org.pe\/index.php\/wp-json\/wp\/v2\/posts\/2984\/revisions\/6234"}],"wp:featuredmedia":[{"embeddable":true,"href":"https:\/\/ceas.org.pe\/index.php\/wp-json\/wp\/v2\/media\/7973"}],"wp:attachment":[{"href":"https:\/\/ceas.org.pe\/index.php\/wp-json\/wp\/v2\/media?parent=2984"}],"wp:term":[{"taxonomy":"category","embeddable":true,"href":"https:\/\/ceas.org.pe\/index.php\/wp-json\/wp\/v2\/categories?post=2984"},{"taxonomy":"post_tag","embeddable":true,"href":"https:\/\/ceas.org.pe\/index.php\/wp-json\/wp\/v2\/tags?post=2984"}],"curies":[{"name":"wp","href":"https:\/\/api.w.org\/{rel}","templated":true}]}}