{"id":2982,"date":"2016-10-18T13:35:48","date_gmt":"2016-10-18T13:35:48","guid":{"rendered":""},"modified":"2026-03-11T09:11:59","modified_gmt":"2026-03-11T14:11:59","slug":"coritas-chiclayo-beneficio-a-56-adolescentes-vulnerables","status":"publish","type":"post","link":"https:\/\/ceas.org.pe\/index.php\/2016\/10\/18\/coritas-chiclayo-beneficio-a-56-adolescentes-vulnerables\/","title":{"rendered":"C\u00f3ritas Chiclayo benefici\u00f3 a 56 adolescentes vulnerables"},"content":{"rendered":"<p>Con la finalidad de contribuir a la lucha contra la pobreza y la exclusi\u00f3n social sufrida por los adolescentes que viven en situaci\u00f3n de riesgo, C\u00e1ritas Chiclayo en alianza con la Associazione Amici Dei Bambini, SNV y el Fondo \u00cdtalo Peruano desarrollaron el proyecto \u201cPan de vida: una propuesta para la inclusi\u00f3n social y desarrollo productivo de j\u00f3venes vulnerables en las regiones de Lima, Lambayeque y Puerto Maldonado\u201d.<\/p>\n<div>\u00a0<\/div>\n<div>Este proyecto que dur\u00f3 2 a\u00f1os, busc\u00f3 la inserci\u00f3n socio laboral de las y los j\u00f3venes, a trav\u00e9s del desarrollo de habilidades psicomotoras finas y capacitaci\u00f3n a trav\u00e9s de talleres productivos para 104 adolescentes que viven en los Centros de Atenci\u00f3n Residencial del Inabif (CAR Ermelinda Carrera, San Francisco y San Ricardo (Lima) y CAR Rosa Mar\u00eda Checa y San Juan Bosco (Chiclayo).<\/div>\n<div>\u00a0<\/div>\n<div>En estos talleres productivos implementados con toda la maquinaria necesaria, se les ense\u00f1aba sobre panader\u00eda, reposter\u00eda, housekeepyng y biohuerto ecol\u00f3gico complementado con la formaci\u00f3n en gesti\u00f3n empresarial y acceso al financiamiento. \u00a0Adem\u00e1s, los j\u00f3venes tuvieron acceso a becas otorgadas por el proyecto y al desarrollo de emprendimientos.<\/div>\n<div>\u00a0<\/div>\n<div>En la parte psicosocial, se acompa\u00f1\u00f3 a los adolescentes en talleres life skill (formaci\u00f3n para la vida), encuentros con operadores y desarrollo del instrumento PISATI (Plan de inserci\u00f3n social y acceso al trabajo individualizado).<\/div>\n<div>\u00a0<\/div>\n<div>Tambi\u00e9n se realizaron reuniones con la Mesa de Concertaci\u00f3n para la Lucha contra la Pobreza de Lambayeque para la generaci\u00f3n de compromisos orientados hacia el logro de un Plan de inclusi\u00f3n social laboral. Durante el desarrollo del proyecto, se realiz\u00f3 la feria \u201cEndulza nuestros sue\u00f1os\u201d donde las j\u00f3venes exhibieron los productos elaborados por ellas, as\u00ed como el Concurso \u201cSembrando Vida \u2013 cosechando el futuro\u201d en el caso de los adolescentes de San Juan Bosco, donde mostraron las mejores parcelas de biohuertos instaladas.<\/div>\n<div>\u00a0<\/div>\n<div>Cabe resaltar que, los Centros de Atenci\u00f3n Residencial (CAR) son albergues para menores de edad en abandono y son administrados por el Estado a trav\u00e9s del Programa Integral Nacional para el Bienestar Familiar (Inabif).<\/div>\n<div>\u00a0<\/div>\n<div>En Chiclayo se han logrado importantes resultados como el otorgamiento de 29 becas para estudios en diferentes institutos, los rubros m\u00e1s seleccionados han sido en gastronom\u00eda, computaci\u00f3n, pasteler\u00eda y academias preuniversitarias. Adem\u00e1s de 11 inserciones laborales, 7 en modalidad dependiente en empresas locales y 04 emprendimientos en rubro de chocolater\u00eda. As\u00ed mismo se logr\u00f3 involucrar actores locales de apoyo como las empresas y organizaciones como IDP, Gerencia de trabajo y promoci\u00f3n de empleo, Gerencia Regional de Agricultura y Unidad de Gesti\u00f3n Educativa local de Lambayeque \u00a0que dieron aportes significativos en beneficio de esta poblaci\u00f3n vulnerable.<\/div>\n<div>\u00a0<\/div>\n<div>Fuente: caritas.org.pe<\/div>\n<p><a href=\"http:\/\/web.hilo.org.pe\/wp-content\/uploads\/Caritas.jpg\" target=\"_blank\" rel=\"noopener\">Ver archivo adjunto<\/a><\/p>\n","protected":false},"excerpt":{"rendered":"<p>Con la finalidad de contribuir a la lucha contra la pobreza y la exclusi?n social sufrida por los adolescentes que viven en situaci?n de riesgo, C?ritas Chiclayo en alianza con la Associazione Amici Dei Bambini, SNV y el Fondo ?talo Peruano desarrollaron el proyecto ?Pan de vida: una propuesta para la inclusi?n social y desarrollo productivo de j?venes vulnerables en las regiones de Lima, Lambayeque y Puerto Maldonado?.<\/p>\n","protected":false},"author":1,"featured_media":8017,"comment_status":"closed","ping_status":"closed","sticky":false,"template":"","format":"standard","meta":{"footnotes":""},"categories":[9],"tags":[],"class_list":["post-2982","post","type-post","status-publish","format-standard","has-post-thumbnail","hentry","category-noticias"],"_links":{"self":[{"href":"https:\/\/ceas.org.pe\/index.php\/wp-json\/wp\/v2\/posts\/2982","targetHints":{"allow":["GET"]}}],"collection":[{"href":"https:\/\/ceas.org.pe\/index.php\/wp-json\/wp\/v2\/posts"}],"about":[{"href":"https:\/\/ceas.org.pe\/index.php\/wp-json\/wp\/v2\/types\/post"}],"author":[{"embeddable":true,"href":"https:\/\/ceas.org.pe\/index.php\/wp-json\/wp\/v2\/users\/1"}],"replies":[{"embeddable":true,"href":"https:\/\/ceas.org.pe\/index.php\/wp-json\/wp\/v2\/comments?post=2982"}],"version-history":[{"count":1,"href":"https:\/\/ceas.org.pe\/index.php\/wp-json\/wp\/v2\/posts\/2982\/revisions"}],"predecessor-version":[{"id":6236,"href":"https:\/\/ceas.org.pe\/index.php\/wp-json\/wp\/v2\/posts\/2982\/revisions\/6236"}],"wp:featuredmedia":[{"embeddable":true,"href":"https:\/\/ceas.org.pe\/index.php\/wp-json\/wp\/v2\/media\/8017"}],"wp:attachment":[{"href":"https:\/\/ceas.org.pe\/index.php\/wp-json\/wp\/v2\/media?parent=2982"}],"wp:term":[{"taxonomy":"category","embeddable":true,"href":"https:\/\/ceas.org.pe\/index.php\/wp-json\/wp\/v2\/categories?post=2982"},{"taxonomy":"post_tag","embeddable":true,"href":"https:\/\/ceas.org.pe\/index.php\/wp-json\/wp\/v2\/tags?post=2982"}],"curies":[{"name":"wp","href":"https:\/\/api.w.org\/{rel}","templated":true}]}}