{"id":2981,"date":"2016-10-17T10:47:52","date_gmt":"2016-10-17T10:47:52","guid":{"rendered":""},"modified":"2026-03-11T09:11:59","modified_gmt":"2026-03-11T14:11:59","slug":"semana-social-en-la-arquidiocesis-de-huancayo","status":"publish","type":"post","link":"https:\/\/ceas.org.pe\/index.php\/2016\/10\/17\/semana-social-en-la-arquidiocesis-de-huancayo\/","title":{"rendered":"Semana Social en la Arquidi\u00f3cesis de Huancayo"},"content":{"rendered":"<div>Desde este lunes 17 hasta el viernes 21 de octubre se celebrar\u00e1 en la Arquidi\u00f3cesis de Huancayo la Semana Social de la Iglesia, edici\u00f3n 2016, que este a\u00f1o se desarrollar\u00e1 de manera descentralizada, ya que durante estos cinco d\u00edas se realizar\u00e1 una sesi\u00f3n en cada una de las vicar\u00edas que conforman la jurisdicci\u00f3n eclesi\u00e1stica.<\/div>\n<div>\u00a0<\/div>\n<div>Comenzar\u00e1 el lunes 17, en la Vicar\u00eda I (Huancayo). Los siguientes d\u00edas ser\u00e1n: el martes 18 en la Vicar\u00eda IV (Jauja); el d\u00eda mi\u00e9rcoles 19 se realizar\u00e1 en la Vicar\u00eda II (Chupaca); el jueves 20 ser\u00e1 en la Vicar\u00eda III (Concepci\u00f3n); y culminar\u00e1 el viernes 21 en la Vicar\u00eda V (La Oroya).<\/div>\n<div>\u00a0<\/div>\n<div>Previo a la Semana Social, el d\u00eda 12 se celebr\u00f3 la Apertura de este evento con una jornada, que comenz\u00f3 con un colorido pasacalle que recorri\u00f3 el centro de Huancayo y donde participaron las delegaciones de las cinco vicar\u00edas. Luego, los participantes se dirigieron al auditorio del Colegio Nuestra Se\u00f1ora del Valle, para participar en el Foro, denominado: \u201cDerechos Humanos y Misericordia, un espacio de encuentro\u201d. (Fuente: CEP)<\/div>\n<div>\u00a0<\/div>\n<p><a href=\"http:\/\/web.hilo.org.pe\/wp-content\/uploads\/Semana Social en la Arquidiocesis de Huancayo.jpg\" target=\"_blank\" rel=\"noopener\">Ver archivo adjunto<\/a><\/p>\n","protected":false},"excerpt":{"rendered":"<p>Desde este lunes 17 hasta el viernes 21 de octubre se celebrar? en la Arquidi?cesis de Huancayo la Semana Social de la Iglesia, edici?n 2016, que este a?o se desarrollar? de manera descentralizada, ya que durante estos cinco d?as se realizar? una sesi?n en cada una de las vicar?as que conforman la jurisdicci?n eclesi?stica.<\/p>\n","protected":false},"author":1,"featured_media":8115,"comment_status":"closed","ping_status":"closed","sticky":false,"template":"","format":"standard","meta":{"footnotes":""},"categories":[9],"tags":[],"class_list":["post-2981","post","type-post","status-publish","format-standard","has-post-thumbnail","hentry","category-noticias"],"_links":{"self":[{"href":"https:\/\/ceas.org.pe\/index.php\/wp-json\/wp\/v2\/posts\/2981","targetHints":{"allow":["GET"]}}],"collection":[{"href":"https:\/\/ceas.org.pe\/index.php\/wp-json\/wp\/v2\/posts"}],"about":[{"href":"https:\/\/ceas.org.pe\/index.php\/wp-json\/wp\/v2\/types\/post"}],"author":[{"embeddable":true,"href":"https:\/\/ceas.org.pe\/index.php\/wp-json\/wp\/v2\/users\/1"}],"replies":[{"embeddable":true,"href":"https:\/\/ceas.org.pe\/index.php\/wp-json\/wp\/v2\/comments?post=2981"}],"version-history":[{"count":1,"href":"https:\/\/ceas.org.pe\/index.php\/wp-json\/wp\/v2\/posts\/2981\/revisions"}],"predecessor-version":[{"id":6237,"href":"https:\/\/ceas.org.pe\/index.php\/wp-json\/wp\/v2\/posts\/2981\/revisions\/6237"}],"wp:featuredmedia":[{"embeddable":true,"href":"https:\/\/ceas.org.pe\/index.php\/wp-json\/wp\/v2\/media\/8115"}],"wp:attachment":[{"href":"https:\/\/ceas.org.pe\/index.php\/wp-json\/wp\/v2\/media?parent=2981"}],"wp:term":[{"taxonomy":"category","embeddable":true,"href":"https:\/\/ceas.org.pe\/index.php\/wp-json\/wp\/v2\/categories?post=2981"},{"taxonomy":"post_tag","embeddable":true,"href":"https:\/\/ceas.org.pe\/index.php\/wp-json\/wp\/v2\/tags?post=2981"}],"curies":[{"name":"wp","href":"https:\/\/api.w.org\/{rel}","templated":true}]}}