{"id":2979,"date":"2016-10-14T17:19:22","date_gmt":"2016-10-14T17:19:22","guid":{"rendered":""},"modified":"2026-03-11T09:11:59","modified_gmt":"2026-03-11T14:11:59","slug":"comunicado-sobre-caso-carlos-moreno-y-seguro-integral-de-salud","status":"publish","type":"post","link":"https:\/\/ceas.org.pe\/index.php\/2016\/10\/14\/comunicado-sobre-caso-carlos-moreno-y-seguro-integral-de-salud\/","title":{"rendered":"Comunicado sobre caso Carlos Moreno y Seguro Integral de Salud"},"content":{"rendered":"<div>A continuaci\u00f3n entregamos el comunicado emitido por los Obispos de la Presidencia de la Conferencia Episcopal Peruana, sobre el Caso Carlos Moreno y el Seguro Integral de Salud \u2013 SIS:<\/div>\n<div>\u00a0<\/div>\n<div><strong>COMUNICADO<\/strong><\/div>\n<div>\u00a0<\/div>\n<div>Los obispos de la Presidencia de la Conferencia Episcopal Peruana profundamente preocupados con lo que se ha conocido recientemente sobre el Sistema integral de Salud, a ra\u00edz de algunos audios publicados por los medios de comunicaci\u00f3n, queremos manifestar lo siguiente:<\/div>\n<div>\u00a0<\/div>\n<div>1. Nos causa estupor y extra\u00f1eza la intenci\u00f3n de utilizar la suerte de los pobres y enfermos y de las instituciones eclesiales para un beneficio particular.<\/div>\n<div>\u00a0<\/div>\n<div>2. Negociar con la suerte de los pobres y de los que sufren va contra el coraz\u00f3n del mensaje de Cristo, contra las ense\u00f1anzas de la Iglesia y contra las ense\u00f1anzas y el testimonio del Papa Francisco.<\/div>\n<div>\u00a0<\/div>\n<div>3. Exigimos una investigaci\u00f3n seria y transparente para conocer toda la verdad, por el bien del pueblo de Dios y por la confianza en las instituciones de salud. Pedimos a la feligres\u00eda cat\u00f3lica dar la debida atenci\u00f3n para que algo as\u00ed nunca m\u00e1s vuelva a suceder.<\/div>\n<div>\u00a0<\/div>\n<div>4. Conviene recordar que en la Iglesia Cat\u00f3lica las jurisdicciones eclesi\u00e1sticas son aut\u00f3nomas, no dependen del Arzobispado de Lima, sino directamente del Santo Padre. La Conferencia Episcopal es el ente de coordinaci\u00f3n pastoral, de colegialidad y de comuni\u00f3n.<\/div>\n<div>\u00a0<\/div>\n<div>5. Reafirmamos el servicio solidario de salud que La Iglesia Cat\u00f3lica, viene desarrollando desde muchos a\u00f1os atr\u00e1s, en colaboraci\u00f3n con el Estado, para la atenci\u00f3n de los m\u00e1s necesitados. Esta labor encomiable de la Iglesia, no debe verse perjudicada ni empa\u00f1ada por personas y\/o funcionarios que no tienen el criterio de ayuda, que s\u00ed tiene la Iglesia.<\/div>\n<div>\u00a0<\/div>\n<div>6. La Iglesia Cat\u00f3lica no lucra de ninguna manera con el servicio de salud ni con los servicios de com\u00fan inter\u00e9s que presta a la comunidad entera, a partir del Acuerdo de mutua colaboraci\u00f3n que tiene con el Estado Peruano.<\/div>\n<div>\u00a0<\/div>\n<div>7. Finalmente, queremos afirmar que La Iglesia ha estado y seguir\u00e1 estando siempre al lado de los pobres y de los enfermos, al ejemplo de Nuestro Se\u00f1or Jesucristo.<\/div>\n<div>\u00a0<\/div>\n<div>Lima, 13 de octubre de 2016<\/div>\n<p><a href=\"http:\/\/web.hilo.org.pe\/wp-content\/uploads\/20161014_CEP.jpg\" target=\"_blank\" rel=\"noopener\">Ver archivo adjunto<\/a><\/p>\n","protected":false},"excerpt":{"rendered":"<p>A continuaci?n entregamos el comunicado emitido por los Obispos de la Presidencia de la Conferencia Episcopal Peruana, sobre el Caso Carlos Moreno y el Seguro Integral de Salud ? SIS:<\/p>\n","protected":false},"author":1,"featured_media":8057,"comment_status":"closed","ping_status":"closed","sticky":false,"template":"","format":"standard","meta":{"footnotes":""},"categories":[9],"tags":[],"class_list":["post-2979","post","type-post","status-publish","format-standard","has-post-thumbnail","hentry","category-noticias"],"_links":{"self":[{"href":"https:\/\/ceas.org.pe\/index.php\/wp-json\/wp\/v2\/posts\/2979","targetHints":{"allow":["GET"]}}],"collection":[{"href":"https:\/\/ceas.org.pe\/index.php\/wp-json\/wp\/v2\/posts"}],"about":[{"href":"https:\/\/ceas.org.pe\/index.php\/wp-json\/wp\/v2\/types\/post"}],"author":[{"embeddable":true,"href":"https:\/\/ceas.org.pe\/index.php\/wp-json\/wp\/v2\/users\/1"}],"replies":[{"embeddable":true,"href":"https:\/\/ceas.org.pe\/index.php\/wp-json\/wp\/v2\/comments?post=2979"}],"version-history":[{"count":1,"href":"https:\/\/ceas.org.pe\/index.php\/wp-json\/wp\/v2\/posts\/2979\/revisions"}],"predecessor-version":[{"id":6239,"href":"https:\/\/ceas.org.pe\/index.php\/wp-json\/wp\/v2\/posts\/2979\/revisions\/6239"}],"wp:featuredmedia":[{"embeddable":true,"href":"https:\/\/ceas.org.pe\/index.php\/wp-json\/wp\/v2\/media\/8057"}],"wp:attachment":[{"href":"https:\/\/ceas.org.pe\/index.php\/wp-json\/wp\/v2\/media?parent=2979"}],"wp:term":[{"taxonomy":"category","embeddable":true,"href":"https:\/\/ceas.org.pe\/index.php\/wp-json\/wp\/v2\/categories?post=2979"},{"taxonomy":"post_tag","embeddable":true,"href":"https:\/\/ceas.org.pe\/index.php\/wp-json\/wp\/v2\/tags?post=2979"}],"curies":[{"name":"wp","href":"https:\/\/api.w.org\/{rel}","templated":true}]}}