{"id":2978,"date":"2016-10-14T10:40:08","date_gmt":"2016-10-14T10:40:08","guid":{"rendered":""},"modified":"2026-03-11T09:11:59","modified_gmt":"2026-03-11T14:11:59","slug":"santo-padre-inicia-ayuda-solidaria-con-afectados-del-huracon-matthew","status":"publish","type":"post","link":"https:\/\/ceas.org.pe\/index.php\/2016\/10\/14\/santo-padre-inicia-ayuda-solidaria-con-afectados-del-huracon-matthew\/","title":{"rendered":"Santo Padre inicia ayuda solidaria con afectados del hurac\u00f3n Matthew"},"content":{"rendered":"<p>El Papa Francisco ha establecido que se env\u00ede una primera contribuci\u00f3n de 100.000 d\u00f3lares en socorro de las poblaciones afectadas por el paso del hurac\u00e1n \u201cMatthew\u201d, que en el curso de los \u00faltimos d\u00edas ha azotado con extraordinaria violencia la regi\u00f3n del Caribe y en particular el territorio de Hait\u00ed causando \u2013 hasta el momento \u2013 unas 1000 v\u00edctimas. Lo informa en un comunicado el Pontificio Consejo Cor Unum, Dicasterio encargado de realizar las obras de caridad en nombre del Papa, en particular en caso de calamidades naturales.<\/p>\n<div>\u00a0<\/div>\n<div>La suma establecida ser\u00e1 repartida en colaboraci\u00f3n con la Nunciatura Apost\u00f3lica, a trav\u00e9s de la Iglesia local en las di\u00f3cesis mayormente postradas por la calamidad y ser\u00e1 empleada en sost\u00e9n de las obras de asistencia a favor de los damnificados, como primera e inmediata expresi\u00f3n concreta de los sentimientos espirituales de cercan\u00eda y paternal aliento del Sumo Pont\u00edfice hacia las personas y los territorios afectados.<\/div>\n<div>\u00a0<\/div>\n<div>La mencionada contribuci\u00f3n se inserta dentro de la red de ayudas que se activ\u00f3 inmediatamente en toda la Iglesia Cat\u00f3lica y que ha involucrado a diversas Conferencias Episcopales y organismos de caridad. Caritas Hait\u00ed, de acuerdo con Caritas Internationalis, lanz\u00f3 presto un primer llamado de emergencia en ayuda de 2.700 familias (13.500 personas) para la adquisici\u00f3n y distribuci\u00f3n de 2.700 kit alimenticios, el abastecimiento de 2.700 kit higi\u00e9nicos y la activaci\u00f3n de programas para aconsejar y sensibilizar a la poblaci\u00f3n acerca de la prevenci\u00f3n de enfermedades infecciosas.<\/div>\n<div>\u00a0<\/div>\n<div>Fuente: www.facebook.com\/news.va.es<\/div>\n<p><a href=\"http:\/\/web.hilo.org.pe\/wp-content\/uploads\/Ayudaafectadoshuracan.jpg\" target=\"_blank\" rel=\"noopener\">Ver archivo adjunto<\/a><\/p>\n","protected":false},"excerpt":{"rendered":"<p>El Papa Francisco ha establecido que se env?e una primera contribuci?n de 100.000 d?lares en socorro de las poblaciones afectadas por el paso del hurac?n ?Matthew?, que en el curso de los ?ltimos d?as ha azotado con extraordinaria violencia la regi?n del Caribe y en particular el territorio de Hait? causando ? hasta el momento ? unas 1000 v?ctimas<\/p>\n","protected":false},"author":1,"featured_media":7848,"comment_status":"closed","ping_status":"closed","sticky":false,"template":"","format":"standard","meta":{"footnotes":""},"categories":[9],"tags":[],"class_list":["post-2978","post","type-post","status-publish","format-standard","has-post-thumbnail","hentry","category-noticias"],"_links":{"self":[{"href":"https:\/\/ceas.org.pe\/index.php\/wp-json\/wp\/v2\/posts\/2978","targetHints":{"allow":["GET"]}}],"collection":[{"href":"https:\/\/ceas.org.pe\/index.php\/wp-json\/wp\/v2\/posts"}],"about":[{"href":"https:\/\/ceas.org.pe\/index.php\/wp-json\/wp\/v2\/types\/post"}],"author":[{"embeddable":true,"href":"https:\/\/ceas.org.pe\/index.php\/wp-json\/wp\/v2\/users\/1"}],"replies":[{"embeddable":true,"href":"https:\/\/ceas.org.pe\/index.php\/wp-json\/wp\/v2\/comments?post=2978"}],"version-history":[{"count":1,"href":"https:\/\/ceas.org.pe\/index.php\/wp-json\/wp\/v2\/posts\/2978\/revisions"}],"predecessor-version":[{"id":6240,"href":"https:\/\/ceas.org.pe\/index.php\/wp-json\/wp\/v2\/posts\/2978\/revisions\/6240"}],"wp:featuredmedia":[{"embeddable":true,"href":"https:\/\/ceas.org.pe\/index.php\/wp-json\/wp\/v2\/media\/7848"}],"wp:attachment":[{"href":"https:\/\/ceas.org.pe\/index.php\/wp-json\/wp\/v2\/media?parent=2978"}],"wp:term":[{"taxonomy":"category","embeddable":true,"href":"https:\/\/ceas.org.pe\/index.php\/wp-json\/wp\/v2\/categories?post=2978"},{"taxonomy":"post_tag","embeddable":true,"href":"https:\/\/ceas.org.pe\/index.php\/wp-json\/wp\/v2\/tags?post=2978"}],"curies":[{"name":"wp","href":"https:\/\/api.w.org\/{rel}","templated":true}]}}