{"id":2977,"date":"2016-10-13T10:47:58","date_gmt":"2016-10-13T10:47:58","guid":{"rendered":""},"modified":"2026-03-11T09:11:59","modified_gmt":"2026-03-11T14:11:59","slug":"ohoy-no-se-puede-pensar-la-educacion-sin-el-deporteo-afirma-el-papa","status":"publish","type":"post","link":"https:\/\/ceas.org.pe\/index.php\/2016\/10\/13\/ohoy-no-se-puede-pensar-la-educacion-sin-el-deporteo-afirma-el-papa\/","title":{"rendered":"\u00f3Hoy no se puede pensar la educaci\u00f3n sin el deporte\u00f3, afirma el Papa"},"content":{"rendered":"<p>El santo padre Francisco antes del partido \u2018Unidos por la Paz\u2019 que se jug\u00f3 este mi\u00e9rcoles por la noche en el Estadio Ol\u00edmpico de Roma, se reuni\u00f3 en la Pontificia Academia de las Ciencias ubicada en el Vaticano, con los aproximadamente 50 jugadores que fueron protagonistas del evento deportivo. Adem\u00e1s, bendijo y entreg\u00f3 el olivo de la paz que despu\u00e9s fue plantado en el estadio romano.<\/p>\n<p>\u201cHe querido venir \u2013les dijo el Papa\u2013 para saludarlos y agradecerles por el trabajo que har\u00e1n hoy; porque el deporte tambi\u00e9n es un trabajo. El deporte es un ejemplo de humanidad, de ayuda, y tambi\u00e9n un trabajo que ser\u00e1 para el bien de tanta gente\u201d.<\/p>\n<p>El Santo Padre asegur\u00f3 estar convencido \u201cde que hoy no se puede pensar la educaci\u00f3n sin el deporte, el deporte es el camino para la educaci\u00f3n, el camino de promoci\u00f3n humana, el camino para la madurez de la persona, de la familia, del pa\u00eds. Yo les agradezco por este partido de amistad\u201d.<\/p>\n<p>El partido que se realiz\u00f3 por la noche en el Estadio Ol\u00edmpico, reuni\u00f3 a unos 10 mil espectadores y fue transmitido en directo por Rai Uno. Termin\u00f3 4-3 con victoria del equipo con la camiseta blanca de \u2018La Liga per la Pace\u2018. All\u00ed marcaron Kanout\u00e9, Bojan, Crespo y Fernando Cavenaghi. En equipo de la camiseta azul, de \u2018La squadra dell\u2019incontro\u2018, marcaron gol, Antonio Di Natale, Totti y Nicol\u00e1s Burdisso. Y no falt\u00f3 en el intervalo una discusi\u00f3n entre Ver\u00f3n y Maradona, como parte del espect\u00e1culo.<\/p>\n<p>Entre los jugadores que participaron para trabajar juntos por la paz se encuentran estrellas del f\u00fatbol como Diego Maradona, Totti, Ronaldinho, Felipe Anderson, Caf\u00fa, Rui Costa, Burdisso, Antonio Di Natale, Hern\u00e1n Crespo, Edgard Davids, Juan Sebastian Ver\u00f3n, Gianluca Zambrotta, Fabio Capello, Diego Armando Maradona Junior, Faryd Camilo Mondragon Ali, Vincent Candela, Rafael M\u00e1rquez Alvarez, Nicol\u00e1s Andres Burdisso, Han Wei Chen, Cuauhtemoc Blanco Bravo, Marcos Evangelista de Morais, Manuel Sanchis Hontiyuelo, Aitor Caranca de la Hoz, Robert Emannuel Pires, Jiayi SHAO, Angelo Carbone, Gonzalo Exp\u00f3sito Verdejo, Victor Sanchez del Amo, Edgar Davids, Rui Costa, Ronaldo De Assis Moreira, Hern\u00e1n Crespo, Fr\u00e9d\u00e9ric Kanout\u00e9, Claudio Javier L\u00f3pez, Carlos Hermosillo, Rodrigo Taddei, Julen Guerrero, Stefano Mauri, Sergio Conceicao, Aldair Nacimiento Dos Santos, Nicola Legrottaglie, Fernando Cavenaghi, Bojan krikic perez, Fabio Capello, Albano Bizzarr, Mattia Bellegrandi y Ismaeil Matar Ibrahim Khamsein Aljneibi, entre otros grandes jugadores actuales y leyendas del f\u00fatbol.<\/p>\n<p>Lo recaudado en el evento deportivo ser\u00e1 para proyectos de las fundaciones Scholas, AMLIB (Associazione Onlus Comunit\u00e0 Amore e Libert\u00e0), UNITALSI (Unione Nazionale Italiana Trasporto Ammalati a Lourdes e Santuari Internazionali) y CSI (Centro Sportivo Italiano).<\/p>\n<p>Fuente: zenit.org<\/p>\n<p><a href=\"http:\/\/web.hilo.org.pe\/wp-content\/uploads\/Francisco a los jugadores unidos por lapaz.jpg\" target=\"_blank\" rel=\"noopener\">Ver archivo adjunto<\/a><\/p>\n","protected":false},"excerpt":{"rendered":"<p>El santo padre Francisco antes del partido ?Unidos por la Paz? que se jug? este mi?rcoles por la noche en el Estadio Ol?mpico de Roma, se reuni? en la Pontificia Academia de las Ciencias ubicada en el Vaticano, con los aproximadamente 50 jugadores que fueron protagonistas del evento deportivo. Adem?s, bendijo y entreg? el olivo de la paz que despu?s fue plantado en el estadio romano.<\/p>\n","protected":false},"author":1,"featured_media":7874,"comment_status":"closed","ping_status":"closed","sticky":false,"template":"","format":"standard","meta":{"footnotes":""},"categories":[9],"tags":[],"class_list":["post-2977","post","type-post","status-publish","format-standard","has-post-thumbnail","hentry","category-noticias"],"_links":{"self":[{"href":"https:\/\/ceas.org.pe\/index.php\/wp-json\/wp\/v2\/posts\/2977","targetHints":{"allow":["GET"]}}],"collection":[{"href":"https:\/\/ceas.org.pe\/index.php\/wp-json\/wp\/v2\/posts"}],"about":[{"href":"https:\/\/ceas.org.pe\/index.php\/wp-json\/wp\/v2\/types\/post"}],"author":[{"embeddable":true,"href":"https:\/\/ceas.org.pe\/index.php\/wp-json\/wp\/v2\/users\/1"}],"replies":[{"embeddable":true,"href":"https:\/\/ceas.org.pe\/index.php\/wp-json\/wp\/v2\/comments?post=2977"}],"version-history":[{"count":1,"href":"https:\/\/ceas.org.pe\/index.php\/wp-json\/wp\/v2\/posts\/2977\/revisions"}],"predecessor-version":[{"id":6241,"href":"https:\/\/ceas.org.pe\/index.php\/wp-json\/wp\/v2\/posts\/2977\/revisions\/6241"}],"wp:featuredmedia":[{"embeddable":true,"href":"https:\/\/ceas.org.pe\/index.php\/wp-json\/wp\/v2\/media\/7874"}],"wp:attachment":[{"href":"https:\/\/ceas.org.pe\/index.php\/wp-json\/wp\/v2\/media?parent=2977"}],"wp:term":[{"taxonomy":"category","embeddable":true,"href":"https:\/\/ceas.org.pe\/index.php\/wp-json\/wp\/v2\/categories?post=2977"},{"taxonomy":"post_tag","embeddable":true,"href":"https:\/\/ceas.org.pe\/index.php\/wp-json\/wp\/v2\/tags?post=2977"}],"curies":[{"name":"wp","href":"https:\/\/api.w.org\/{rel}","templated":true}]}}