{"id":2976,"date":"2016-10-13T10:39:13","date_gmt":"2016-10-13T10:39:13","guid":{"rendered":""},"modified":"2026-03-11T09:11:59","modified_gmt":"2026-03-11T14:11:59","slug":"mensaje-del-papa-oemigrantes-menores-de-edad-vulnerables-y-sin-vozo","status":"publish","type":"post","link":"https:\/\/ceas.org.pe\/index.php\/2016\/10\/13\/mensaje-del-papa-oemigrantes-menores-de-edad-vulnerables-y-sin-vozo\/","title":{"rendered":"Mensaje del Papa: \u00f3Emigrantes menores de edad, vulnerables y sin voz\u00f3"},"content":{"rendered":"<p>El papa Francisco ha llamado la atenci\u00f3n sobre la realidad de los emigrantes menores de edad, especialmente los que est\u00e1n solos, instando a todos a hacerse cargo de los ni\u00f1os, que se encuentran desprotegidos. Es el centro del mensaje publicado este jueves, para la 103\u00aa Jornada Mundial del Migrante y del Refugiado, que se celebrar\u00e1 el domingo, 15 de enero 2017, con el t\u00edtulo \u201cEmigrantes menores de edad, vulnerables y sin voz\u201d.<\/p>\n<div>\u00a0<\/div>\n<div>De este modo, el Papa recuerda que \u201cla emigraci\u00f3n no es un fen\u00f3meno limitado a algunas zonas del planeta\u201d, sino que \u201cafecta a todos los continentes\u201d y \u201cest\u00e1 adquiriendo cada vez m\u00e1s la dimensi\u00f3n de una dram\u00e1tica cuesti\u00f3n mundial\u201d.<\/div>\n<div>\u00a0<\/div>\n<div>Asimismo, observa que no se trata s\u00f3lo de personas \u201cen busca de un trabajo digno o de condiciones de vida mejor\u201d, sino tambi\u00e9n de personas \u201cque se ven obligadas a abandonar sus casas con la esperanza de salvarse\u201d y \u201cencontrar en otros lugares paz y seguridad\u201d. Al respecto indica que son principalmente los ni\u00f1os quienes m\u00e1s sufren \u201clas graves consecuencias de la emigraci\u00f3n\u201d, casi siempre \u201ccausada por la violencia, la miseria y las condiciones ambientales\u201d, factores a los que hay que a\u00f1adir la globalizaci\u00f3n en sus aspectos negativos.<\/div>\n<div>\u00a0<\/div>\n<div>Por eso advierte que \u201cla carrera desenfrenada\u201d hacia un enriquecimiento r\u00e1pido y f\u00e1cil lleva consigo tambi\u00e9n \u201cel aumento de lacras monstruosas como el tr\u00e1fico de ni\u00f1os\u201d y \u201cla explotaci\u00f3n y el abuso de menores\u201d.<\/div>\n<div>\u00a0<\/div>\n<div>Tal y como recuerda el Papa, \u201ctodos los ni\u00f1os tienen derecho a jugar y a realizar actividades recreativas, tienen derecho en definitiva a ser ni\u00f1os\u201d. Sin embargo, \u201clos ni\u00f1os constituyen el grupo m\u00e1s vulnerable entre los emigrantes\u201d, porque, \u201cmientras se asoman a la vida, son invisibles y no tienen voz\u201d.<\/div>\n<div>\u00a0<\/div>\n<div>Los ni\u00f1os emigrantes \u2013asevera Francisco\u2013 acaban f\u00e1cilmente en lo m\u00e1s bajo de la degradaci\u00f3n humana, donde la ilegalidad y la violencia queman en un instante el futuro de muchos inocentes, mientras que la red de los abusos a los menores resulta dif\u00edcil de romper.<\/div>\n<div>\u00a0<\/div>\n<div>El Santo Padre se pregunta en el mensaje c\u00f3mo responder a esta realidad. \u00a0En primer lugar, propone ser conscientes de que \u201cel fen\u00f3meno de la emigraci\u00f3n no est\u00e1 separado de la historia de la salvaci\u00f3n\u201d. Este fen\u00f3meno es \u201cun signo de los tiempos\u201d, \u201cun signo que habla de la acci\u00f3n providencial de Dios en la historia y en la comunidad humana con vistas a la comuni\u00f3n universal\u201d. Sin ignorar los problemas ni los dramas y tragedias de la emigraci\u00f3n, \u201cla Iglesia anima a reconocer el plan de Dios, incluso en este fen\u00f3meno, con la certeza de que nadie es extranjero en la comunidad cristiana\u201d.<\/div>\n<div>\u00a0<\/div>\n<div>Tambi\u00e9n es necesario, indica Francisco, centrarse en la protecci\u00f3n, la integraci\u00f3n y en soluciones estables. Seg\u00fan explica el Pont\u00edfice en el mensaje, hay muchos factores que contribuyen a crear un estado de vulnerabilidad en los emigrantes, especialmente si son ni\u00f1os. Entre ellos se\u00f1ala, la indigencia y la falta de medios de supervivencia \u2015a lo que habr\u00eda que a\u00f1adir las expectativas irreales inducidas por los medios de comunicaci\u00f3n\u2015; el bajo nivel de alfabetizaci\u00f3n; el desconocimiento de las leyes, la cultura y, a menudo, de la lengua de los pa\u00edses de acogida.<\/div>\n<div>\u00a0<\/div>\n<div>Al respecto, el Papa asegura que el impulso m\u00e1s fuerte hacia la explotaci\u00f3n y el abuso de los ni\u00f1os viene a causa de la demanda. Por eso, indica que si no se encuentra el modo de intervenir con mayor rigor y eficacia ante los explotadores, \u201cno se podr\u00e1n detener las numerosas formas de esclavitud de las que son v\u00edctimas los menores de edad\u201d.<\/div>\n<div>\u00a0<\/div>\n<div>Adem\u00e1s, el Santo Padre subraya que es necesario que los inmigrantes, precisamente por el bien de sus hijos, \u201ccooperen cada vez m\u00e1s estrechamente con las comunidades que los acogen\u201d. Es importante \u2013a\u00f1ade\u2013 que se implemente una cooperaci\u00f3n cada vez m\u00e1s eficaz y eficiente, basada tanto en el intercambio de informaci\u00f3n como en la intensificaci\u00f3n de unas redes capaces que puedan asegurar intervenciones tempestivas y capilares.<\/div>\n<div>\u00a0<\/div>\n<div>En segundo lugar, el Papa se\u00f1ala que \u201ces necesario trabajar por la integraci\u00f3n de los ni\u00f1os y los j\u00f3venes emigrantes\u201d. En esta misma l\u00ednea, el Santo Padre recuerda que la situaci\u00f3n de los emigrantes menores de edad se agrava cuando se encuentran en situaci\u00f3n irregular o cuando son captados por el crimen organizado. Y terminan con frecuencia en centros de detenci\u00f3n. En esos casos \u2013asegura\u2013 el derecho de los Estados a gestionar los flujos migratorios y a salvaguardar el bien com\u00fan nacional se tiene que conjugar con \u201cla obligaci\u00f3n de resolver y regularizar la situaci\u00f3n de los emigrantes menores de edad\u201d, respetando su dignidad y tratando de responder a sus necesidades. Por eso sigue siendo crucial que se adopten procedimientos nacionales y planes de cooperaci\u00f3n entre pa\u00edses \u201cpara eliminar las causas de la emigraci\u00f3n forzada de los ni\u00f1os\u201d.<\/div>\n<div>\u00a0<\/div>\n<div>En tercer y \u00faltimo lugar, el Papa hace un llamamiento \u201cpara que se busquen y adopten soluciones permanentes\u201d. Asegurando que este asunto se debe afrontar desde la ra\u00edz, precisa que las guerras, la violaci\u00f3n de los derechos humanos, la corrupci\u00f3n, la pobreza, los desequilibrios y desastres ambientales \u201cson parte de las causas del problema\u201d. Los ni\u00f1os \u2013advierte\u2013 son los primeros en sufrirlas, padeciendo a veces torturas y castigos corporales, que se unen a las de tipo moral y ps\u00edquico, dej\u00e1ndoles a menudo huellas imborrables.<\/div>\n<div>\u00a0<\/div>\n<div>Afrontar en los pa\u00edses de origen las causas que provocan la emigraci\u00f3n requiere \u201cel compromiso de toda la Comunidad internacional\u201d para \u201cacabar con los conflictos y la violencia que obligan a las personas a huir\u201d. Adem\u00e1s, se requiere tambi\u00e9n \u201cuna visi\u00f3n de futuro\u201d, que sepa proyectar \u201cprogramas adecuados para las zonas afectadas por la inestabilidad\u201d y \u201cpor las m\u00e1s graves injusticias\u201d, para que a todos se les garantice el acceso a un desarrollo aut\u00e9ntico que promueva el bien de los ni\u00f1os y ni\u00f1as, esperanza de la humanidad.<\/div>\n<div>\u00a0<\/div>\n<div>Fuente: zenit.org<\/div>\n<p><a href=\"http:\/\/web.hilo.org.pe\/wp-content\/uploads\/20161013_Menoresmigrantes.jpg\" target=\"_blank\" rel=\"noopener\">Ver archivo adjunto<\/a><\/p>\n","protected":false},"excerpt":{"rendered":"<p>El papa Francisco ha llamado la atenci?n sobre la realidad de los emigrantes menores de edad, especialmente los que est?n solos, instando a todos a hacerse cargo de los ni?os, que se encuentran desprotegidos. Es el centro del mensaje publicado este jueves, para la 103? Jornada Mundial del Migrante y del Refugiado, que se celebrar? el domingo, 15 de enero 2017, con el t?tulo ?Emigrantes menores de edad, vulnerables y sin voz?.<\/p>\n","protected":false},"author":1,"featured_media":7973,"comment_status":"closed","ping_status":"closed","sticky":false,"template":"","format":"standard","meta":{"footnotes":""},"categories":[9],"tags":[],"class_list":["post-2976","post","type-post","status-publish","format-standard","has-post-thumbnail","hentry","category-noticias"],"_links":{"self":[{"href":"https:\/\/ceas.org.pe\/index.php\/wp-json\/wp\/v2\/posts\/2976","targetHints":{"allow":["GET"]}}],"collection":[{"href":"https:\/\/ceas.org.pe\/index.php\/wp-json\/wp\/v2\/posts"}],"about":[{"href":"https:\/\/ceas.org.pe\/index.php\/wp-json\/wp\/v2\/types\/post"}],"author":[{"embeddable":true,"href":"https:\/\/ceas.org.pe\/index.php\/wp-json\/wp\/v2\/users\/1"}],"replies":[{"embeddable":true,"href":"https:\/\/ceas.org.pe\/index.php\/wp-json\/wp\/v2\/comments?post=2976"}],"version-history":[{"count":1,"href":"https:\/\/ceas.org.pe\/index.php\/wp-json\/wp\/v2\/posts\/2976\/revisions"}],"predecessor-version":[{"id":6242,"href":"https:\/\/ceas.org.pe\/index.php\/wp-json\/wp\/v2\/posts\/2976\/revisions\/6242"}],"wp:featuredmedia":[{"embeddable":true,"href":"https:\/\/ceas.org.pe\/index.php\/wp-json\/wp\/v2\/media\/7973"}],"wp:attachment":[{"href":"https:\/\/ceas.org.pe\/index.php\/wp-json\/wp\/v2\/media?parent=2976"}],"wp:term":[{"taxonomy":"category","embeddable":true,"href":"https:\/\/ceas.org.pe\/index.php\/wp-json\/wp\/v2\/categories?post=2976"},{"taxonomy":"post_tag","embeddable":true,"href":"https:\/\/ceas.org.pe\/index.php\/wp-json\/wp\/v2\/tags?post=2976"}],"curies":[{"name":"wp","href":"https:\/\/api.w.org\/{rel}","templated":true}]}}