{"id":2973,"date":"2016-10-11T19:46:08","date_gmt":"2016-10-11T19:46:08","guid":{"rendered":""},"modified":"2026-03-11T09:11:59","modified_gmt":"2026-03-11T14:11:59","slug":"se-lanzo-campaoa-ocoritas-con-haitoo-en-espaoa","status":"publish","type":"post","link":"https:\/\/ceas.org.pe\/index.php\/2016\/10\/11\/se-lanzo-campaoa-ocoritas-con-haitoo-en-espaoa\/","title":{"rendered":"Se lanz\u00f3 campa\u00f3a \u00f3C\u00f3ritas con Hait\u00f3\u00f3 en Espa\u00f3a"},"content":{"rendered":"<p>C\u00e1ritas Internationalis ha lanzado un llamamiento a todas las C\u00e1ritas donantes del mundo por importe de 250.000 euros para financiar en Hait\u00ed las primeras operaciones de respuesta inmediata a los damnificados por el hurac\u00e1n Matthew. En respuesta a esa petici\u00f3n, C\u00e1ritas Espa\u00f1ola ha puesto ya a disposici\u00f3n de C\u00e1ritas Hait\u00ed una partida de 50.000 euros y ha lanzado la campa\u00f1a \u201cC\u00e1ritas con Hait\u00ed\u201d para canalizar la solidaridad de los donantes espa\u00f1oles hacia ese pa\u00eds caribe\u00f1o, ha informado la propia C\u00e1ritas Espa\u00f1ola.\u00a0<\/p>\n<div>\u00a0<\/div>\n<div>Asimismo, en un nota publicada este lunes, informan que a medida que los equipos de emergencia de C\u00e1ritas Hait\u00ed han podido acceder a las \u00e1reas siniestradas del sureste de la isla \u2013J\u00e9r\u00e9mie y Les Cayes, principalmente\u2014 se ha ido tomando conciencia del grado de devastaci\u00f3n causado por Matthew, cuyo saldo en p\u00e9rdidas de vidas humanas se acerca al millar de fallecidos.\u00a0<\/div>\n<div>\u00a0<\/div>\n<div>El Santo Padre mostr\u00f3 su cercan\u00eda por las v\u00edctimas de la tragedia y envi\u00f3 un telegrama en el que se un\u00eda \u201ca trav\u00e9s de la oraci\u00f3n a la pena de cuantos han perdido a sus seres queridos\u201d, les daba \u201csu m\u00e1s sentido p\u00e9same\u201d y les aseguraba \u201csu cercan\u00eda en estas circunstancias dolorosas\u201d.<\/div>\n<div>\u00a0<\/div>\n<div>Se calcula, adem\u00e1s, que \u201c350.000 personas necesitan ayuda urgente en un escenario de m\u00e1xima precariedad\u201d. El 80% de las viviendas han quedado arrasadas y se han perdido el 90% de los cultivos y la caba\u00f1a ganadera. Una aut\u00e9ntica tragedia \u2013precisan\u2013 si se tiene en cuenta que se trata de una zona dedicada mayoritariamente a la actividad agropecuaria y que no se hab\u00eda visto afectada por los efectos de terremoto de 2010.<\/div>\n<div>\u00a0<\/div>\n<div>Por otro lado aseguran que los mayores retos a los que se enfrentan las C\u00e1ritas locales en estos momentos, aparte de garantizar el reparto de productos de primera necesidad a los damnificados, es \u201cpoder acceder a las zonas que permanecen aisladas a causa del corte de carreteras y puentes\u201d. Otra prioridad \u2013aseguran\u2013 es el suministro de agua potable, ya que todos los acu\u00edferos han quedado contaminados tras el paso del hurac\u00e1n, con el consiguiente riesgo de brotes de c\u00f3lera y disenter\u00eda.<\/div>\n<div>\u00a0<\/div>\n<div>Asimismo, explican que las C\u00e1ritas de las zonas m\u00e1s afectadas han podido distribuir ayuda de primera necesidad a las v\u00edctimas, gracias al acopio realizado en los centros parroquiales y diocesanos en los d\u00edas previos al impacto de Matthew. De todos modos, el nivel de destrucci\u00f3n es tal, \u201cque las previsiones son insuficientes y urge enviar a las zonas afectadas nuevos suministros\u201d. Para ello, mientras las C\u00e1ritas Diocesanas del resto del pa\u00eds est\u00e1n canalizando ayuda hacia las zonas devastadas, l\u201da red C\u00e1ritas en la regi\u00f3n ha comenzado a organizar el flete hacia Hait\u00ed de suministros de emergencia desde la Rep\u00fablica Dominicana y los pa\u00edses vecinos\u201d.<\/div>\n<div>\u00a0<\/div>\n<div>El plan de respuesta inmediata que ha puesto en marcha C\u00e1ritas Hait\u00ed prev\u00e9 \u201cgarantizar ayuda de primera necesidad en las pr\u00f3ximas semanas\u201d \u2013alimentos y productos de higiene\u2014a 13.500 personas tanto en las \u00e1reas de Jamel, Nippes, Jeremie y Les Cayes, como en las zonas del oeste y del noroeste. La prioridad de la acci\u00f3n de C\u00e1ritas \u2013concluye el comunicado\u2013 \u00a0ser\u00e1n las personas alojadas en refugios temporales, mujeres embarazadas, ni\u00f1os y adultos con discapacidad.<\/div>\n<div>\u00a0<\/div>\n<div>Fuente: zenit.org<\/div>\n<p><a href=\"http:\/\/web.hilo.org.pe\/wp-content\/uploads\/Ayudadamnificadoshuracan.jpg\" target=\"_blank\" rel=\"noopener\">Ver archivo adjunto<\/a><\/p>\n","protected":false},"excerpt":{"rendered":"<p>C?ritas Internationalis ha lanzado un llamamiento a todas las C?ritas donantes del mundo por importe de 250.000 euros para financiar en Hait? las primeras operaciones de respuesta inmediata a los damnificados por el hurac?n Matthew.<\/p>\n","protected":false},"author":1,"featured_media":0,"comment_status":"closed","ping_status":"closed","sticky":false,"template":"","format":"standard","meta":{"footnotes":""},"categories":[9],"tags":[],"class_list":["post-2973","post","type-post","status-publish","format-standard","hentry","category-noticias"],"_links":{"self":[{"href":"https:\/\/ceas.org.pe\/index.php\/wp-json\/wp\/v2\/posts\/2973","targetHints":{"allow":["GET"]}}],"collection":[{"href":"https:\/\/ceas.org.pe\/index.php\/wp-json\/wp\/v2\/posts"}],"about":[{"href":"https:\/\/ceas.org.pe\/index.php\/wp-json\/wp\/v2\/types\/post"}],"author":[{"embeddable":true,"href":"https:\/\/ceas.org.pe\/index.php\/wp-json\/wp\/v2\/users\/1"}],"replies":[{"embeddable":true,"href":"https:\/\/ceas.org.pe\/index.php\/wp-json\/wp\/v2\/comments?post=2973"}],"version-history":[{"count":1,"href":"https:\/\/ceas.org.pe\/index.php\/wp-json\/wp\/v2\/posts\/2973\/revisions"}],"predecessor-version":[{"id":6245,"href":"https:\/\/ceas.org.pe\/index.php\/wp-json\/wp\/v2\/posts\/2973\/revisions\/6245"}],"wp:attachment":[{"href":"https:\/\/ceas.org.pe\/index.php\/wp-json\/wp\/v2\/media?parent=2973"}],"wp:term":[{"taxonomy":"category","embeddable":true,"href":"https:\/\/ceas.org.pe\/index.php\/wp-json\/wp\/v2\/categories?post=2973"},{"taxonomy":"post_tag","embeddable":true,"href":"https:\/\/ceas.org.pe\/index.php\/wp-json\/wp\/v2\/tags?post=2973"}],"curies":[{"name":"wp","href":"https:\/\/api.w.org\/{rel}","templated":true}]}}