{"id":2972,"date":"2016-10-11T17:57:31","date_gmt":"2016-10-11T17:57:31","guid":{"rendered":""},"modified":"2026-03-11T09:11:59","modified_gmt":"2026-03-11T14:11:59","slug":"arzobispo-de-trujillo-clausura-aoo-de-la-misericordia-en-centro-penitenciario","status":"publish","type":"post","link":"https:\/\/ceas.org.pe\/index.php\/2016\/10\/11\/arzobispo-de-trujillo-clausura-aoo-de-la-misericordia-en-centro-penitenciario\/","title":{"rendered":"Arzobispo de Trujillo clausura A\u00f3o de la Misericordia en centro penitenciario"},"content":{"rendered":"<p>El Arzobispo de Trujillo, Mons. Miguel Cabrejos Vidarte OFM., realiz\u00f3 una visita pastoral a los internos del penal El Milagro y les anunci\u00f3 dos acontecimientos importantes que la Iglesia realizar\u00e1 con ellos: Una misi\u00f3n arquidiocesana para el 13 y 21 del presente y la Clausura del \u201cA\u00f1o de la Misericordia\u201d, en la Arquidi\u00f3cesis de Trujillo, en este recinto penitenciario.<\/p>\n<div>\u00a0<\/div>\n<div>\u00a0<\/div>\n<div>Acompa\u00f1ado del director del penal, Nilton Guevara Mendoza, del capell\u00e1n, R.P. Wilmer Infantes y de la responsable de la Pastoral Carcelaria, Hrna. Rocio Zapata, el pastor de esta grey trujillana inici\u00f3 su recorrido pastoral por la capilla del penal, reuni\u00e9ndose con reos catequistas y motiv\u00e1ndolos a amar al pr\u00f3jimo, siempre en el presente, \u00abporque la vida tiene su l\u00edmite y en cualquier momento \u201cpasaremos la frontera\u201d. \u201cSi no amamos, somos como un cad\u00e1ver andante\u201d, compar\u00f3.<\/div>\n<div>\u00a0<\/div>\n<div>\u00a0<\/div>\n<div>Previa coordinaci\u00f3n con la autoridad carcelaria, Monse\u00f1or Miguel Cabrejos anunci\u00f3 a los hermanos privados de su libertad la clausura del \u201cA\u00f1o de la Misericordia\u201d en la Arquidi\u00f3cesis de Trujillo, con una solemne Misa televisada en directo por Sol TV, desde este penal, el 27 de noviembre, a las 11:00 de la ma\u00f1ana. La noticia fue agradecida con un efusivo aplauso.<\/div>\n<div>\u00a0<\/div>\n<div>\u00a0<\/div>\n<div>El saludo y bendici\u00f3n pastoral lleg\u00f3 tambi\u00e9n a los diversos pabellones e internos que laboran en los talleres de Cer\u00e1mica, Hidropon\u00eda, Calzado y Confecci\u00f3n, que la Pastoral Carcelaria Arquidiocesana viene promoviendo con los reos, como parte de la evangelizaci\u00f3n y resocializaci\u00f3n.<\/div>\n<div>\u00a0<\/div>\n<div>\u00a0<\/div>\n<div>En el despido, un interno se anim\u00f3 a obsequiarle al Arzobispo una hermosa vajilla de cer\u00e1mica como respuesta a su ilustre visita. El mismo acto de amabilidad de repiti\u00f3 en el taller de Hidropon\u00eda.<\/div>\n<div>\u00a0<\/div>\n<div>Fuente: arzobispadodetrujillo.org<\/div>\n<p><a href=\"http:\/\/web.hilo.org.pe\/wp-content\/uploads\/Arzobispovisitapenal.JPG\" target=\"_blank\" rel=\"noopener\">Ver archivo adjunto<\/a><\/p>\n","protected":false},"excerpt":{"rendered":"<p>El Arzobispo de Trujillo, Mons. Miguel Cabrejos Vidarte OFM., realiz? una visita pastoral a los internos del penal El Milagro y les anunci? dos acontecimientos importantes que la Iglesia realizar? con ellos: Una misi?n arquidiocesana para el 13 y 21 del presente y la Clausura del ?A?o de la Misericordia?, en la Arquidi?cesis de Trujillo, en este recinto penitenciario.<\/p>\n","protected":false},"author":1,"featured_media":7884,"comment_status":"closed","ping_status":"closed","sticky":false,"template":"","format":"standard","meta":{"footnotes":""},"categories":[9],"tags":[],"class_list":["post-2972","post","type-post","status-publish","format-standard","has-post-thumbnail","hentry","category-noticias"],"_links":{"self":[{"href":"https:\/\/ceas.org.pe\/index.php\/wp-json\/wp\/v2\/posts\/2972","targetHints":{"allow":["GET"]}}],"collection":[{"href":"https:\/\/ceas.org.pe\/index.php\/wp-json\/wp\/v2\/posts"}],"about":[{"href":"https:\/\/ceas.org.pe\/index.php\/wp-json\/wp\/v2\/types\/post"}],"author":[{"embeddable":true,"href":"https:\/\/ceas.org.pe\/index.php\/wp-json\/wp\/v2\/users\/1"}],"replies":[{"embeddable":true,"href":"https:\/\/ceas.org.pe\/index.php\/wp-json\/wp\/v2\/comments?post=2972"}],"version-history":[{"count":1,"href":"https:\/\/ceas.org.pe\/index.php\/wp-json\/wp\/v2\/posts\/2972\/revisions"}],"predecessor-version":[{"id":6246,"href":"https:\/\/ceas.org.pe\/index.php\/wp-json\/wp\/v2\/posts\/2972\/revisions\/6246"}],"wp:featuredmedia":[{"embeddable":true,"href":"https:\/\/ceas.org.pe\/index.php\/wp-json\/wp\/v2\/media\/7884"}],"wp:attachment":[{"href":"https:\/\/ceas.org.pe\/index.php\/wp-json\/wp\/v2\/media?parent=2972"}],"wp:term":[{"taxonomy":"category","embeddable":true,"href":"https:\/\/ceas.org.pe\/index.php\/wp-json\/wp\/v2\/categories?post=2972"},{"taxonomy":"post_tag","embeddable":true,"href":"https:\/\/ceas.org.pe\/index.php\/wp-json\/wp\/v2\/tags?post=2972"}],"curies":[{"name":"wp","href":"https:\/\/api.w.org\/{rel}","templated":true}]}}