{"id":2970,"date":"2016-10-07T19:09:54","date_gmt":"2016-10-07T19:09:54","guid":{"rendered":""},"modified":"2026-03-11T09:11:59","modified_gmt":"2026-03-11T14:11:59","slug":"encuentro-nacional-de-directores-de-preseminarios-y-rectores-de-seminarios-menores","status":"publish","type":"post","link":"https:\/\/ceas.org.pe\/index.php\/2016\/10\/07\/encuentro-nacional-de-directores-de-preseminarios-y-rectores-de-seminarios-menores\/","title":{"rendered":"Encuentro nacional de directores de preseminarios y rectores de Seminarios Menores"},"content":{"rendered":"<p>Con el prop\u00f3sito de continuar con el fortalecimiento de la labor de los directores y formadores de los pre-seminarios, del 11 al 14 de octubre se realizar\u00e1 en Lima el D\u00e9cimo Encuentro Nacional de Directores y\/o Responsables de los Pre-seminarios o Per\u00edodo Proped\u00e9utico y Rectores de los Seminarios Menores de las jurisdicciones eclesi\u00e1sticas del Per\u00fa. Este encuentro es convocado por la Comisi\u00f3n Episcopal de Vocaciones y Ministerios, de la Conferencia Episcopal Peruana.<\/p>\n<div>\u00a0<\/div>\n<div>En este encuentro, que se realizar\u00e1 en la Casa de Retiro Santa Rosa, en el Centro de Lima, participar\u00e1n los Directores de los Pre-Seminarios, los Rectores de los Seminarios Menores, y los Responsables de la Pastoral Vocacional de las jurisdicciones eclesi\u00e1sticas.<\/div>\n<div>\u00a0<\/div>\n<div>Los temas que se desarrollar\u00e1n durante este encuentro ser\u00e1n: \u201cFundamento para una Pastoral Vocacional\u201d, a cargo del Padre Pedro Hidalgo; \u201cEl Director Espiritual en el Seminario Menor\u201d, a cargo del Padre Alberto Marav\u00ed; y \u201cMedios de Comunicaci\u00f3n y manejo de Redes Sociales en la Pastoral Vocacional\u201d, a cargo del Padre Lenin V\u00e1squez.<\/div>\n<div>\u00a0<\/div>\n<div>El per\u00edodo proped\u00e9utico o Pre-Seminario, es la etapa inicial de preparaci\u00f3n para el ministerio sacerdotal y en las cuales los responsables deben brindar un adecuado acompa\u00f1amiento al estudiante en su proceso de formaci\u00f3n. Este evento se realiza cada a\u00f1o con el fin de apoyar y orientar a los miembros del equipo de formaci\u00f3n de estos seminarios, ya sea en temas de formaci\u00f3n humana, pastoral, intelectual y\/o espiritual. (Fuente: CEP)<\/div>\n<p><a href=\"http:\/\/web.hilo.org.pe\/wp-content\/uploads\/Encuentro nacional de directores de preseminarios y rectores.jpg\" target=\"_blank\" rel=\"noopener\">Ver archivo adjunto<\/a><\/p>\n","protected":false},"excerpt":{"rendered":"<p>Con el prop?sito de continuar con el fortalecimiento de la labor de los directores y formadores de los pre-seminarios, del 11 al 14 de octubre se realizar? en Lima el D?cimo Encuentro Nacional de Directores y\/o Responsables de los Pre-seminarios o Per?odo Proped?utico y Rectores de los Seminarios Menores de las jurisdicciones eclesi?sticas del Per?. Este encuentro es convocado por la Comisi?n Episcopal de Vocaciones y Ministerios, de la Conferencia Episcopal Peruana.<\/p>\n","protected":false},"author":1,"featured_media":7862,"comment_status":"closed","ping_status":"closed","sticky":false,"template":"","format":"standard","meta":{"footnotes":""},"categories":[9],"tags":[],"class_list":["post-2970","post","type-post","status-publish","format-standard","has-post-thumbnail","hentry","category-noticias"],"_links":{"self":[{"href":"https:\/\/ceas.org.pe\/index.php\/wp-json\/wp\/v2\/posts\/2970","targetHints":{"allow":["GET"]}}],"collection":[{"href":"https:\/\/ceas.org.pe\/index.php\/wp-json\/wp\/v2\/posts"}],"about":[{"href":"https:\/\/ceas.org.pe\/index.php\/wp-json\/wp\/v2\/types\/post"}],"author":[{"embeddable":true,"href":"https:\/\/ceas.org.pe\/index.php\/wp-json\/wp\/v2\/users\/1"}],"replies":[{"embeddable":true,"href":"https:\/\/ceas.org.pe\/index.php\/wp-json\/wp\/v2\/comments?post=2970"}],"version-history":[{"count":1,"href":"https:\/\/ceas.org.pe\/index.php\/wp-json\/wp\/v2\/posts\/2970\/revisions"}],"predecessor-version":[{"id":6248,"href":"https:\/\/ceas.org.pe\/index.php\/wp-json\/wp\/v2\/posts\/2970\/revisions\/6248"}],"wp:featuredmedia":[{"embeddable":true,"href":"https:\/\/ceas.org.pe\/index.php\/wp-json\/wp\/v2\/media\/7862"}],"wp:attachment":[{"href":"https:\/\/ceas.org.pe\/index.php\/wp-json\/wp\/v2\/media?parent=2970"}],"wp:term":[{"taxonomy":"category","embeddable":true,"href":"https:\/\/ceas.org.pe\/index.php\/wp-json\/wp\/v2\/categories?post=2970"},{"taxonomy":"post_tag","embeddable":true,"href":"https:\/\/ceas.org.pe\/index.php\/wp-json\/wp\/v2\/tags?post=2970"}],"curies":[{"name":"wp","href":"https:\/\/api.w.org\/{rel}","templated":true}]}}