{"id":2968,"date":"2016-10-06T18:40:26","date_gmt":"2016-10-06T18:40:26","guid":{"rendered":""},"modified":"2026-03-11T09:12:00","modified_gmt":"2026-03-11T14:12:00","slug":"papa-exhorta-a-catolicos-y-anglicanos-a-impulsr-camino-de-oracion-testimonio-y-mision","status":"publish","type":"post","link":"https:\/\/ceas.org.pe\/index.php\/2016\/10\/06\/papa-exhorta-a-catolicos-y-anglicanos-a-impulsr-camino-de-oracion-testimonio-y-mision\/","title":{"rendered":"Papa exhorta a cat\u00f3licos y anglicanos a impulsr camino de oraci\u00f3n, testimonio y misi\u00f3n"},"content":{"rendered":"<p>\u00abEs un bell\u00edsimo signo fraterno\u00bb ver a los Primados de tantas Provincias de la Comuni\u00f3n Anglicana que est\u00e1n en Roma con el Arzobispo de Canterbury y Primado de la Iglesia Anglicana, Justin Welby, \u00a0destac\u00f3 el Papa Francisco en su bienvenida a estos queridos hermanos y hermanas en Cristo.<\/p>\n<p>Al recibirlos en la Sala de los Papas, al d\u00eda siguiente de haber conmemorado juntos de forma solemne el 50 aniversario del hist\u00f3rico encuentro entre el Beato Pablo VI y el Arzobispo Michael Ramsey, el Papa Francisco reiter\u00f3 la importancia del compartir los frutos de estas cinco d\u00e9cadas, prosiguiendo nuestro camino com\u00fan, afianzados en la oraci\u00f3n, el testimonio y la misi\u00f3n.<\/p>\n<div>Empezando por la oraci\u00f3n, el Papa alent\u00f3 a no desfallecer en rogar por la unidad:<\/div>\n<div>\u00abOraci\u00f3n: en la tarde de ayer celebramos las V\u00edsperas, esta ma\u00f1ana han rezado aqu\u00ed, ante la tumba del Ap\u00f3stol Pedro: no cans\u00e9monos de pedir juntos e insistentemente al Se\u00f1or el don de la unidad\u00bb.<\/div>\n<div>\u00a0<\/div>\n<div>Testimoniemos juntos afianzados en el Esp\u00edritu cu\u00e1n enriquecedor es el ecumenismo, exhort\u00f3 asimismo Francisco:<\/div>\n<div>\u00a0<\/div>\n<div>\u00abTestimonio: estos 50 a\u00f1os de encuentro e intercambio, as\u00ed como la reflexi\u00f3n y los textos comunes, nos hablan de cristianos que, por fe y con fe, se han escuchado entre s\u00ed y han compartido tiempo y fuerzas. Ha crecido la conciencia de que el ecumenismo nunca es un empobrecimiento, sino una riqueza. Ha madurado la certeza de que, lo que el Esp\u00edritu ha sembrado en el otro, produce una cosecha com\u00fan. Hagamos tesoro de esta herencia y sint\u00e1monos llamados cada d\u00eda a donar al mundo, como pidi\u00f3 Jes\u00fas, el testimonio del amor y de la unidad entre nosotros (cfr. Jn 15, 12; 17,21)\u00bb.<\/div>\n<div>Con el Evangelio llevemos el amor misericordioso del Se\u00f1or al mundo sediento de paz, volvi\u00f3 a alentar el Papa Francisco:<\/div>\n<div>\u00a0<\/div>\n<div>\u00abMisi\u00f3n: hay un tiempo para cada cosa (cfr. Ec 3,1) y \u00e9ste es el tiempo en el que el Se\u00f1or nos interpela, en especial, a salir de nosotros mismos y de nuestros ambientes, para llevar su amor misericordioso a un mundo sediento de paz. Ayud\u00e9monos los unos a los otros a poner en el centro las exigencias del Evangelio y a gastarnos concretamente en esta misi\u00f3n\u00bb.<\/div>\n<div>\u00a0<\/div>\n<div>En encuentro termin\u00f3 rezando juntos el Padre Nuestro, para pedir la gracia de crecer en la oraci\u00f3n, el testimonio y la misi\u00f3n, como pidi\u00f3 el Papa Francisco.<\/div>\n<div>\u00a0<\/div>\n<div>Fuente: radiovaticana.va<\/div>\n<p><a href=\"http:\/\/web.hilo.org.pe\/wp-content\/uploads\/Papa catolicos y anglicanos impulsemos nuestro camino comun.jpg\" target=\"_blank\" rel=\"noopener\">Ver archivo adjunto<\/a><\/p>\n","protected":false},"excerpt":{"rendered":"<p>?Es un bell?simo signo fraterno? ver a los Primados de tantas Provincias de la Comuni?n Anglicana que est?n en Roma con el Arzobispo de Canterbury y Primado de la Iglesia Anglicana, Justin Welby,  destac? el Papa Francisco en su bienvenida a estos queridos hermanos y hermanas en Cristo.<\/p>\n","protected":false},"author":1,"featured_media":7881,"comment_status":"closed","ping_status":"closed","sticky":false,"template":"","format":"standard","meta":{"footnotes":""},"categories":[9],"tags":[],"class_list":["post-2968","post","type-post","status-publish","format-standard","has-post-thumbnail","hentry","category-noticias"],"_links":{"self":[{"href":"https:\/\/ceas.org.pe\/index.php\/wp-json\/wp\/v2\/posts\/2968","targetHints":{"allow":["GET"]}}],"collection":[{"href":"https:\/\/ceas.org.pe\/index.php\/wp-json\/wp\/v2\/posts"}],"about":[{"href":"https:\/\/ceas.org.pe\/index.php\/wp-json\/wp\/v2\/types\/post"}],"author":[{"embeddable":true,"href":"https:\/\/ceas.org.pe\/index.php\/wp-json\/wp\/v2\/users\/1"}],"replies":[{"embeddable":true,"href":"https:\/\/ceas.org.pe\/index.php\/wp-json\/wp\/v2\/comments?post=2968"}],"version-history":[{"count":1,"href":"https:\/\/ceas.org.pe\/index.php\/wp-json\/wp\/v2\/posts\/2968\/revisions"}],"predecessor-version":[{"id":6250,"href":"https:\/\/ceas.org.pe\/index.php\/wp-json\/wp\/v2\/posts\/2968\/revisions\/6250"}],"wp:featuredmedia":[{"embeddable":true,"href":"https:\/\/ceas.org.pe\/index.php\/wp-json\/wp\/v2\/media\/7881"}],"wp:attachment":[{"href":"https:\/\/ceas.org.pe\/index.php\/wp-json\/wp\/v2\/media?parent=2968"}],"wp:term":[{"taxonomy":"category","embeddable":true,"href":"https:\/\/ceas.org.pe\/index.php\/wp-json\/wp\/v2\/categories?post=2968"},{"taxonomy":"post_tag","embeddable":true,"href":"https:\/\/ceas.org.pe\/index.php\/wp-json\/wp\/v2\/tags?post=2968"}],"curies":[{"name":"wp","href":"https:\/\/api.w.org\/{rel}","templated":true}]}}