{"id":2967,"date":"2016-10-06T18:16:10","date_gmt":"2016-10-06T18:16:10","guid":{"rendered":""},"modified":"2026-03-11T09:12:00","modified_gmt":"2026-03-11T14:12:00","slug":"sonodo-de-los-obispos-2018-abordaro-temas-como-ovenes-fe-y-discernimiento-vocacional","status":"publish","type":"post","link":"https:\/\/ceas.org.pe\/index.php\/2016\/10\/06\/sonodo-de-los-obispos-2018-abordaro-temas-como-ovenes-fe-y-discernimiento-vocacional\/","title":{"rendered":"S\u00f3nodo de los Obispos 2018 abordar\u00f3 temas como \u00f3venes, fe y discernimiento vocacional"},"content":{"rendered":"<p>\u201cLos j\u00f3venes, la fe y el discernimiento vocacional\u201d: es el tema de la XV Asamblea General Ordinaria del S\u00ednodo de los Obispos que tendr\u00e1 lugar en octubre de 2018 y que ha sido establecido por el Papa Francisco en consultaci\u00f3n, como de costumbre, con las Conferencias Episcopales, las Iglesias Orientales Cat\u00f3licas sui iuris y la Uni\u00f3n de los Superiores Generales, adem\u00e1s de las sugerencias de los Padres de la Asamblea sinodal precedente y el parecer del XIV Consejo Ordinario &#8211; se lee en una nota.<\/p>\n<p>El tema de la pr\u00f3xima Asamblea General Ordinaria del S\u00ednodo de los Obispos \u201ces la expresi\u00f3n de la atenci\u00f3n pastoral de la Iglesia hacia los j\u00f3venes y la continuaci\u00f3n de cuanto emerge de las recientes Asambleas sinodales sobre la familia, con los contenidos de la Exhortaci\u00f3n Apost\u00f3lica post-sinodal Amoris Laetitia \u2013 explica el comunicado. Tiene la intenci\u00f3n de acompa\u00f1ar a los j\u00f3venes en su camino existencial hacia la madurez para que, a trav\u00e9s de un proceso de discernimiento puedan descubrir su proyecto de vida y realizarlo con alegr\u00eda, abri\u00e9ndose al encuentro con Dios y con los hombres y participando activamente en la edificaci\u00f3n de la Iglesia y de la sociedad\u201d.<\/p>\n<p>Fuente: radiovaticana.va<\/p>\n<p><a href=\"http:\/\/web.hilo.org.pe\/wp-content\/uploads\/Sinododelosobispos.jpg\" target=\"_blank\" rel=\"noopener\">Ver archivo adjunto<\/a><\/p>\n","protected":false},"excerpt":{"rendered":"<p>?Los j?venes, la fe y el discernimiento vocacional?: es el tema de la XV Asamblea General Ordinaria del S?nodo de los Obispos que tendr? lugar en octubre de 2018 y que ha sido establecido por el Papa Francisco en consultaci?n, como de costumbre, con las Conferencias Episcopales, las Iglesias Orientales Cat?licas sui iuris y la Uni?n de los Superiores Generales, adem?s de las sugerencias de los Padres de la Asamblea sinodal precedente y el parecer del XIV Consejo Ordinario &#8211; se lee en una nota.<\/p>\n","protected":false},"author":1,"featured_media":7854,"comment_status":"closed","ping_status":"closed","sticky":false,"template":"","format":"standard","meta":{"footnotes":""},"categories":[9],"tags":[],"class_list":["post-2967","post","type-post","status-publish","format-standard","has-post-thumbnail","hentry","category-noticias"],"_links":{"self":[{"href":"https:\/\/ceas.org.pe\/index.php\/wp-json\/wp\/v2\/posts\/2967","targetHints":{"allow":["GET"]}}],"collection":[{"href":"https:\/\/ceas.org.pe\/index.php\/wp-json\/wp\/v2\/posts"}],"about":[{"href":"https:\/\/ceas.org.pe\/index.php\/wp-json\/wp\/v2\/types\/post"}],"author":[{"embeddable":true,"href":"https:\/\/ceas.org.pe\/index.php\/wp-json\/wp\/v2\/users\/1"}],"replies":[{"embeddable":true,"href":"https:\/\/ceas.org.pe\/index.php\/wp-json\/wp\/v2\/comments?post=2967"}],"version-history":[{"count":1,"href":"https:\/\/ceas.org.pe\/index.php\/wp-json\/wp\/v2\/posts\/2967\/revisions"}],"predecessor-version":[{"id":6251,"href":"https:\/\/ceas.org.pe\/index.php\/wp-json\/wp\/v2\/posts\/2967\/revisions\/6251"}],"wp:featuredmedia":[{"embeddable":true,"href":"https:\/\/ceas.org.pe\/index.php\/wp-json\/wp\/v2\/media\/7854"}],"wp:attachment":[{"href":"https:\/\/ceas.org.pe\/index.php\/wp-json\/wp\/v2\/media?parent=2967"}],"wp:term":[{"taxonomy":"category","embeddable":true,"href":"https:\/\/ceas.org.pe\/index.php\/wp-json\/wp\/v2\/categories?post=2967"},{"taxonomy":"post_tag","embeddable":true,"href":"https:\/\/ceas.org.pe\/index.php\/wp-json\/wp\/v2\/tags?post=2967"}],"curies":[{"name":"wp","href":"https:\/\/api.w.org\/{rel}","templated":true}]}}