{"id":2965,"date":"2016-10-06T01:31:05","date_gmt":"2016-10-06T01:31:05","guid":{"rendered":""},"modified":"2026-03-11T09:12:00","modified_gmt":"2026-03-11T14:12:00","slug":"foro-poblico-cuidado-del-ambiente-desafoos-y-compromisos-para-la-sociedad-y-la-iglesia-2","status":"publish","type":"post","link":"https:\/\/ceas.org.pe\/index.php\/2016\/10\/06\/foro-poblico-cuidado-del-ambiente-desafoos-y-compromisos-para-la-sociedad-y-la-iglesia-2\/","title":{"rendered":"FORO P\u00f3BLICO:  \u00abCUIDADO DEL AMBIENTE: DESAF\u00f3OS Y COMPROMISOS PARA LA SOCIEDAD Y LA IGLESIA\u00bb"},"content":{"rendered":"<p>\u00a0<span style=\"font-family: Calibri, sans-serif; font-size: 11pt; text-align: center;\">NOTA DE PRENSA<\/span><span style=\"font-family: Calibri, sans-serif; font-size: 11pt; text-align: center;\">\u00a0<\/span><\/p>\n<p class=\"Default\" align=\"center\" style=\"text-align:center\"><b><span style=\"font-size:11.0pt;font-family:\"Calibri\",\"sans-serif\";\nmso-ascii-theme-font:minor-latin;mso-hansi-theme-font:minor-latin\">FORO P\u00daBLICO:<o:p><\/o:p><\/span><\/b><\/p>\n<p class=\"Default\" align=\"center\" style=\"text-align:center\"><b><span style=\"font-size:11.0pt;font-family:\"Calibri\",\"sans-serif\";\nmso-ascii-theme-font:minor-latin;mso-hansi-theme-font:minor-latin\">\u00abCUIDADO DEL AMBIENTE: DESAF\u00cdOS Y COMPROMISOS PARA LA SOCIEDAD Y LA IGLESIA\u00bb<\/span><\/b><\/p>\n<p class=\"Default\" style=\"text-align:justify\"><span style=\"font-size:11.0pt;\nfont-family:\"Calibri\",\"sans-serif\";mso-ascii-theme-font:minor-latin;mso-hansi-theme-font:\nminor-latin\">La enc\u00edclica \u201cLaudato si\u00b4, sobre el cuidado de la casa com\u00fan\u201d, \u00a0es un documento que trata sobre asuntos relacionados con la ecolog\u00eda y el desarrollo pleno del g\u00e9nero humano, en el cual el Papa Francisco propone una ecolog\u00eda integral, que incorpore claramente las dimensiones humanas y sociales, inseparablemente vinculadas con la situaci\u00f3n medio ambiental. En \u00e9l, el Santo Padre nos invita a emprender un di\u00e1logo honesto a todos los niveles de la vida social, que facilite procesos de decisi\u00f3n transparentes. <o:p><\/o:p><\/span><\/p>\n<p class=\"Default\" style=\"text-align:justify\"><span style=\"font-size:11.0pt;\nfont-family:\"Calibri\",\"sans-serif\";mso-ascii-theme-font:minor-latin;mso-hansi-theme-font:\nminor-latin\">Esta enc\u00edclica es un llamado a la conciencia para darnos cuenta de que vivimos un problema que nos desaf\u00eda a cambiar radicalmente. \u201cEl ambiente humano y el ambiente natural se degradan juntos, y no podremos afrontar adecuadamente la degradaci\u00f3n ambiental si no prestamos atenci\u00f3n a causas que tienen que ver con la degradaci\u00f3n humana y social\u201d.<o:p><\/o:p><\/span><\/p>\n<p class=\"Default\" style=\"text-align:justify\"><span style=\"font-size:11.0pt;\nfont-family:\"Calibri\",\"sans-serif\";mso-ascii-theme-font:minor-latin;mso-hansi-theme-font:\nminor-latin\">Ante esta perspectiva, y con el objetivo de <\/span><span style=\"font-size:11.0pt;font-family:\"Calibri\",\"sans-serif\";mso-ascii-theme-font:\nminor-latin;mso-hansi-theme-font:minor-latin;color:windowtext\">renovar y relanzar nuestro compromiso con el cuidado de nuestra \u201cCasa Com\u00fan\u201d, as\u00ed como avanzar hacia la nueva s\u00edntesis cultural que nos pide la Enc\u00edclica Laudato Si\u2019, <\/span><span style=\"font-size:11.0pt;font-family:\"Calibri\",\"sans-serif\";\nmso-ascii-theme-font:minor-latin;mso-hansi-theme-font:minor-latin\">\u00a0la <b>Conferencia Episcopal Peruana, <\/b>a trav\u00e9s de su <b>Pastoral Social Nacional<\/b> y el <b>Arzobispado de Ayacucho<\/b>, organizan el cuarto <b>Foro P\u00fablico Regional: \u201cCuidado del Ambiente: Desaf\u00edos y Compromisos para la sociedad y la Iglesia\u201d<\/b>, que se llevar\u00e1 a cabo el <b>07 de octubre <\/b>a las <b>7:00 p.m<\/b>. en el <b>Auditorio del Centro Cultural San Crist\u00f3bal de Huamanga. <\/b><o:p><\/o:p><\/span><\/p>\n<p class=\"Default\" style=\"text-align:justify\"><span style=\"font-size:11.0pt;\nfont-family:\"Calibri\",\"sans-serif\";mso-ascii-theme-font:minor-latin;mso-hansi-theme-font:\nminor-latin;color:windowtext\">Este Foro P\u00fablico se desarrolla en el marco del Encuentro Regional Centro de la Pastoral Social Laudato Si\u2019. Contar\u00e1 con la ponencia de Monse\u00f1or Salvador Pi\u00f1eiro Garc\u00eda Calder\u00f3n, Arzobispo de Ayacucho y Presidente de la Conferencia Episcopal Peruana, quien compartir\u00e1 sus reflexiones sobre los desaf\u00edos y compromisos en el cuidado de nuestra \u201cCasa Com\u00fan\u201d a la luz de la Laudato Si; junto a Humberto Ortiz Roca, Secretario Ejecutivo de la Comisi\u00f3n Episcopal de Acci\u00f3n Social \u2013 CEAS y la Lic. Laura Vargas, Responsable del Programa de Doctrina Social de la Iglesia -CEAS. <o:p><\/o:p><\/span><\/p>\n<p class=\"Default\" style=\"text-align:justify\">El Foro P\u00fablico tambi\u00e9n contar\u00e1 con un panel de especialistas como la Ing. Paula Meza Porta, (CEAS), Lic. Jaime Luis Silva Ponce (Asociaci\u00f3n Civil Labor) y Srta. Tulia Garc\u00eda, Directora del CEDAP de Ayacucho. <o:p><\/o:p><\/p>\n<p class=\"MsoNormal\" style=\"margin-bottom:0cm;margin-bottom:.0001pt;text-align:\njustify;line-height:normal\">El Foro P\u00fablico: <a name=\"_GoBack\"><\/a>\u201cCuidado del Ambiente: Desaf\u00edos y Compromisos para la sociedad y la Iglesia\u201d es una invitaci\u00f3n a cambios profundos y radicales en nuestros estilos de vida, en nuestra espiritualidad y en nuestra manera de actuar frente a nuestro ambiente.\u00a0<o:p><\/o:p><\/p>\n<p><a href=\"http:\/\/web.hilo.org.pe\/wp-content\/uploads\/AFICHE web.jpg\" target=\"_blank\" rel=\"noopener\">Ver archivo adjunto<\/a><\/p>\n","protected":false},"excerpt":{"rendered":"<p>Este Foro P?blico se desarrolla en el marco del Encuentro Regional Centro de la Pastoral Social Laudato Si?. Contar? con la ponencia de Monse?or Salvador Pi?eiro Garc?a Calder?n, Arzobispo de Ayacucho y Presidente de la Conferencia Episcopal Peruana, quien compartir? sus reflexiones sobre los desaf?os y compromisos en el cuidado de nuestra ?Casa Com?n? a la luz de la Laudato Si; junto a Humberto Ortiz Roca, Secretario Ejecutivo de la Comisi?n Episcopal de Acci?n Social &#8211; CEAS y la Lic. Laura Vargas, Responsable del Programa de Doctrina Social de la Iglesia &#8211; CEAS.<\/p>\n","protected":false},"author":1,"featured_media":7857,"comment_status":"closed","ping_status":"closed","sticky":false,"template":"","format":"standard","meta":{"footnotes":""},"categories":[9],"tags":[],"class_list":["post-2965","post","type-post","status-publish","format-standard","has-post-thumbnail","hentry","category-noticias"],"_links":{"self":[{"href":"https:\/\/ceas.org.pe\/index.php\/wp-json\/wp\/v2\/posts\/2965","targetHints":{"allow":["GET"]}}],"collection":[{"href":"https:\/\/ceas.org.pe\/index.php\/wp-json\/wp\/v2\/posts"}],"about":[{"href":"https:\/\/ceas.org.pe\/index.php\/wp-json\/wp\/v2\/types\/post"}],"author":[{"embeddable":true,"href":"https:\/\/ceas.org.pe\/index.php\/wp-json\/wp\/v2\/users\/1"}],"replies":[{"embeddable":true,"href":"https:\/\/ceas.org.pe\/index.php\/wp-json\/wp\/v2\/comments?post=2965"}],"version-history":[{"count":1,"href":"https:\/\/ceas.org.pe\/index.php\/wp-json\/wp\/v2\/posts\/2965\/revisions"}],"predecessor-version":[{"id":6253,"href":"https:\/\/ceas.org.pe\/index.php\/wp-json\/wp\/v2\/posts\/2965\/revisions\/6253"}],"wp:featuredmedia":[{"embeddable":true,"href":"https:\/\/ceas.org.pe\/index.php\/wp-json\/wp\/v2\/media\/7857"}],"wp:attachment":[{"href":"https:\/\/ceas.org.pe\/index.php\/wp-json\/wp\/v2\/media?parent=2965"}],"wp:term":[{"taxonomy":"category","embeddable":true,"href":"https:\/\/ceas.org.pe\/index.php\/wp-json\/wp\/v2\/categories?post=2965"},{"taxonomy":"post_tag","embeddable":true,"href":"https:\/\/ceas.org.pe\/index.php\/wp-json\/wp\/v2\/tags?post=2965"}],"curies":[{"name":"wp","href":"https:\/\/api.w.org\/{rel}","templated":true}]}}