{"id":2964,"date":"2016-10-05T11:06:18","date_gmt":"2016-10-05T11:06:18","guid":{"rendered":""},"modified":"2026-03-11T09:12:00","modified_gmt":"2026-03-11T14:12:00","slug":"mision-en-el-penal-el-milagro-promueve-arzobispado-de-trujillo","status":"publish","type":"post","link":"https:\/\/ceas.org.pe\/index.php\/2016\/10\/05\/mision-en-el-penal-el-milagro-promueve-arzobispado-de-trujillo\/","title":{"rendered":"Misi\u00f3n en el penal El Milagro promueve Arzobispado de Trujillo"},"content":{"rendered":"<p>Con motivo del \u201cA\u00f1o de la Misericordia\u201d, la Pastoral Carcelaria de la Arquidi\u00f3cesis de Trujillo convoca a todos los fieles a formar parte de la segunda misi\u00f3n arquidiocesana, a realizarse el 13 y 14 de octubre, en el penal El Milagro.<\/p>\n<div>\u00a0<\/div>\n<div>\u201cEn este a\u00f1o jubilar, el Santo Padre nos ha pedido que hagamos obras de misericordia que nos permitan encontrarnos con el pr\u00f3jimo que necesita de nuestra ayuda pr\u00e1ctica y de nuestra oraci\u00f3n, especialmente de los que se encuentran en periferia\u201d, sostuvo el R.P. Wilmer Infantes, capell\u00e1n de las c\u00e1rceles de Trujillo.<\/div>\n<div>\u00a0<\/div>\n<div>Para formar parte de esta obra misionera, los fieles voluntarios deber\u00e1n inscribirse dejando su copia de DNI en la oficina de la Vicaria Pastoral del Arzobispado de Trujillo o envi\u00e1ndolo a bsrocio@yahoo.com.<\/div>\n<div>\u00a0<\/div>\n<div>La jornada empezar\u00e1 el d\u00eda jueves 13 de octubre en el penal de varones, a las 8:30 am., y culminar\u00e1 con la Santa Eucarist\u00eda, a las 4:00 pm. La misma programaci\u00f3n se dar\u00e1 al d\u00eda siguiente, 14 del presente mes, en el recinto penitenciario de mujeres.<\/div>\n<div>\u00a0<\/div>\n<div>\u201cLa misericordia de Dios es otorgada a todos, y conscientes de ello, nuestros hermanos privados de su libertad se vienen preparando desde hace cuatro meses, participando en jornadas espirituales y formando comunidades cristianas en sus respectivos pabellones\u201d, refiri\u00f3 la hermana, Roc\u00edo Zapata, responsable arquidiocesana de la Pastoral Carcelaria.<\/div>\n<div><strong><br \/>\n<\/strong><\/div>\n<div><strong>Reuni\u00f3n de capacitaci\u00f3n.<\/strong><\/div>\n<div>\u00a0<\/div>\n<div>Como parte de esta preparaci\u00f3n, se hace recordar que el pr\u00f3ximo lunes 10 de octubre la Pastoral Carcelaria se reunir\u00e1, a las 7:00 pm., en el Arzobispado, con todos los hermanos voluntarios de esta misi\u00f3n arquidiocesana, para capacitarlos y otorgarles toda la informaci\u00f3n necesaria para su participaci\u00f3n.<\/div>\n<div>\u00a0<\/div>\n<div>Fuente: arzobispadodetrujillo.org<\/div>\n<p><a href=\"http:\/\/web.hilo.org.pe\/wp-content\/uploads\/MISION_PENAL.JPG\" target=\"_blank\" rel=\"noopener\">Ver archivo adjunto<\/a><\/p>\n","protected":false},"excerpt":{"rendered":"<p>Con motivo del ?A?o de la Misericordia?, la Pastoral Carcelaria de la Arquidi?cesis de Trujillo convoca a todos los fieles a formar parte de la segunda misi?n arquidiocesana, a realizarse el 13 y 14 de octubre, en el penal El Milagro.<\/p>\n","protected":false},"author":1,"featured_media":7873,"comment_status":"closed","ping_status":"closed","sticky":false,"template":"","format":"standard","meta":{"footnotes":""},"categories":[9],"tags":[],"class_list":["post-2964","post","type-post","status-publish","format-standard","has-post-thumbnail","hentry","category-noticias"],"_links":{"self":[{"href":"https:\/\/ceas.org.pe\/index.php\/wp-json\/wp\/v2\/posts\/2964","targetHints":{"allow":["GET"]}}],"collection":[{"href":"https:\/\/ceas.org.pe\/index.php\/wp-json\/wp\/v2\/posts"}],"about":[{"href":"https:\/\/ceas.org.pe\/index.php\/wp-json\/wp\/v2\/types\/post"}],"author":[{"embeddable":true,"href":"https:\/\/ceas.org.pe\/index.php\/wp-json\/wp\/v2\/users\/1"}],"replies":[{"embeddable":true,"href":"https:\/\/ceas.org.pe\/index.php\/wp-json\/wp\/v2\/comments?post=2964"}],"version-history":[{"count":1,"href":"https:\/\/ceas.org.pe\/index.php\/wp-json\/wp\/v2\/posts\/2964\/revisions"}],"predecessor-version":[{"id":6254,"href":"https:\/\/ceas.org.pe\/index.php\/wp-json\/wp\/v2\/posts\/2964\/revisions\/6254"}],"wp:featuredmedia":[{"embeddable":true,"href":"https:\/\/ceas.org.pe\/index.php\/wp-json\/wp\/v2\/media\/7873"}],"wp:attachment":[{"href":"https:\/\/ceas.org.pe\/index.php\/wp-json\/wp\/v2\/media?parent=2964"}],"wp:term":[{"taxonomy":"category","embeddable":true,"href":"https:\/\/ceas.org.pe\/index.php\/wp-json\/wp\/v2\/categories?post=2964"},{"taxonomy":"post_tag","embeddable":true,"href":"https:\/\/ceas.org.pe\/index.php\/wp-json\/wp\/v2\/tags?post=2964"}],"curies":[{"name":"wp","href":"https:\/\/api.w.org\/{rel}","templated":true}]}}