{"id":2963,"date":"2016-10-05T11:02:07","date_gmt":"2016-10-05T11:02:07","guid":{"rendered":""},"modified":"2026-03-11T09:12:00","modified_gmt":"2026-03-11T14:12:00","slug":"pucallpa-examina-compromisos-de-la-sociedad-y-la-iglesia-en-el-cuidado-de-la-casa-comon","status":"publish","type":"post","link":"https:\/\/ceas.org.pe\/index.php\/2016\/10\/05\/pucallpa-examina-compromisos-de-la-sociedad-y-la-iglesia-en-el-cuidado-de-la-casa-comon\/","title":{"rendered":"Pucallpa examina compromisos de la sociedad y la Iglesia en el cuidado de la Casa Com\u00f3n"},"content":{"rendered":"<p>Ante un auditorio de m\u00e1s de doscientos cincuenta personas, representantes de la Iglesia Cat\u00f3lica, de la sociedad civil y funcionarios y acad\u00e9micos expertos en medio ambiente reflexionaron y esbozaron l\u00edneas de acci\u00f3n sobre lo que plantea la carta enc\u00edclica Laudato Si, que public\u00f3 el Papa Francisco en junio de 2015.<\/p>\n<div>\u00a0<\/div>\n<div>La denominada \u201cenc\u00edclica verde\u201d fue presentada por Monse\u00f1or Gaetano Galbusera, obispo del Vicariato Apost\u00f3lico de Pucallpa, en Per\u00fa, quien manifest\u00f3 la necesidad de cambios dentro de la propia Iglesia a fin de lograr la defensa y el cuidado de la \u201cCasa Com\u00fan\u201d que es el planeta que, remarc\u00f3, \u201cno es propiedad del hombre sino un don\u201d.<\/div>\n<div>\u00a0<\/div>\n<div>\u201cTenemos que cuidar el ambiente, porque lo estamos malgastando, lo estamos llevando al fracaso, a la destrucci\u00f3n\u201d, sostuvo el religioso en el marco del foro p\u00fablico que llev\u00f3 por t\u00edtulo \u201cCuidado del ambiente: Desaf\u00edos y compromisos para la sociedad y la Iglesia\u201d.<\/div>\n<div>\u00a0<\/div>\n<div>El foro fue organizado por la Conferencia Episcopal Peruana a trav\u00e9s de su \u00e1rea pastoral social, juntamente con el Vicariato Apost\u00f3lico de Pucallpa, y con el apoyo del Centro Amaz\u00f3nico de Antropolog\u00eda y Aplicaci\u00f3n Pr\u00e1ctica (CAAAP) y la Comisi\u00f3n Episcopal de Acci\u00f3n Social (CEAS).<\/div>\n<div>\u00a0<\/div>\n<div>Continuando con su exposici\u00f3n, Galbusera, quien lleva nueve a\u00f1os como obispo de Pucallpa, \u00a0apunt\u00f3 sus cr\u00edticas por la situaci\u00f3n que vive el planeta \u2013cambio clim\u00e1tico acelerado, deforestaci\u00f3n, contaminaci\u00f3n, entre otros males causados por el ser humano\u2013 contra \u201clos hombres que tienen poder, que manejan la econom\u00eda\u201d.<\/div>\n<div>\u00a0<\/div>\n<div>A su turno, Laura Vargas, representante de CEAS, hizo hincapi\u00e9 en la \u201cnecesidad de un cambio profundo y real\u201d en el comportamiento de los hombres y mujeres para preservar la vida en la Tierra.<\/div>\n<div>\u00a0<\/div>\n<div>En clara referencia al a las grandes empresas que da\u00f1an al ambiente y se imponen sobre las poblaciones locales, la tambi\u00e9n te\u00f3loga manifest\u00f3 que \u201cno se puede permitir que ciertos intereses que son globales, pero no universales, se impongan.\u201d<\/div>\n<div>\u00a0<\/div>\n<div>M\u00e1s tarde, Ismael Vega, director del CAAAP, se enfoc\u00f3 en la realidad de los pueblos ind\u00edgenas, los mismos que habitan la Amazon\u00eda y que figuran entre los primeros afectados por fen\u00f3menos como el cambio clim\u00e1tico y otros da\u00f1os que tienen su origen en la acci\u00f3n del hombre.<\/div>\n<div>\u00a0<\/div>\n<div>Indic\u00f3 que si bien, para el caso de Per\u00fa, la situaci\u00f3n de dichos pueblos, a nivel de algunos derechos, no es la misma que hace diez a\u00f1os, a\u00fan hay mucho por hacer ya que \u201cno vivimos en un para\u00edso intercultural\u201d. En ese sentido, hizo referencia a normativas que el Gobierno peruano ha aprobado y que, parad\u00f3jicamente, van en contra de los derechos reconocidos de los pueblos.<\/div>\n<div>\u00a0<\/div>\n<div>Respecto a la Laudato Si, Vega manifest\u00f3 que \u201cesta surge para cuestionar los modelos de desarrollo que devastan y que explotan a la gente\u201d. A\u00f1adi\u00f3 luego que la Enc\u00edclica apunta a no dejarnos indiferentes ante el sufrimiento del planeta, la Casa Com\u00fan.<\/div>\n<div>\u00a0<\/div>\n<div>El foro p\u00fablico contempl\u00f3 m\u00e1s tarde la presentaci\u00f3n de funcionarios representantes de las oficinas regionales sobre medio ambiente y educaci\u00f3n, quienes dieron detalles del trabajo que realizan desde sus instituciones. Tambi\u00e9n se analiz\u00f3 el cambio clim\u00e1tico \u2013tema que desarrolla la enc\u00edclica del Papa\u2013 y c\u00f3mo esta viene afectando a la Amazon\u00eda.<\/div>\n<div>\u00a0<\/div>\n<div>Fuente: CAAAP<\/div>\n<p><a href=\"http:\/\/web.hilo.org.pe\/wp-content\/uploads\/Reunion.jpg\" target=\"_blank\" rel=\"noopener\">Ver archivo adjunto<\/a><\/p>\n","protected":false},"excerpt":{"rendered":"<p>Ante un auditorio de m?s de doscientos cincuenta personas, representantes de la Iglesia Cat?lica, de la sociedad civil y funcionarios y acad?micos expertos en medio ambiente reflexionaron y esbozaron l?neas de acci?n sobre lo que plantea la carta enc?clica Laudato Si, que public? el Papa Francisco en junio de 2015.<\/p>\n","protected":false},"author":1,"featured_media":7857,"comment_status":"closed","ping_status":"closed","sticky":false,"template":"","format":"standard","meta":{"footnotes":""},"categories":[9],"tags":[],"class_list":["post-2963","post","type-post","status-publish","format-standard","has-post-thumbnail","hentry","category-noticias"],"_links":{"self":[{"href":"https:\/\/ceas.org.pe\/index.php\/wp-json\/wp\/v2\/posts\/2963","targetHints":{"allow":["GET"]}}],"collection":[{"href":"https:\/\/ceas.org.pe\/index.php\/wp-json\/wp\/v2\/posts"}],"about":[{"href":"https:\/\/ceas.org.pe\/index.php\/wp-json\/wp\/v2\/types\/post"}],"author":[{"embeddable":true,"href":"https:\/\/ceas.org.pe\/index.php\/wp-json\/wp\/v2\/users\/1"}],"replies":[{"embeddable":true,"href":"https:\/\/ceas.org.pe\/index.php\/wp-json\/wp\/v2\/comments?post=2963"}],"version-history":[{"count":1,"href":"https:\/\/ceas.org.pe\/index.php\/wp-json\/wp\/v2\/posts\/2963\/revisions"}],"predecessor-version":[{"id":6255,"href":"https:\/\/ceas.org.pe\/index.php\/wp-json\/wp\/v2\/posts\/2963\/revisions\/6255"}],"wp:featuredmedia":[{"embeddable":true,"href":"https:\/\/ceas.org.pe\/index.php\/wp-json\/wp\/v2\/media\/7857"}],"wp:attachment":[{"href":"https:\/\/ceas.org.pe\/index.php\/wp-json\/wp\/v2\/media?parent=2963"}],"wp:term":[{"taxonomy":"category","embeddable":true,"href":"https:\/\/ceas.org.pe\/index.php\/wp-json\/wp\/v2\/categories?post=2963"},{"taxonomy":"post_tag","embeddable":true,"href":"https:\/\/ceas.org.pe\/index.php\/wp-json\/wp\/v2\/tags?post=2963"}],"curies":[{"name":"wp","href":"https:\/\/api.w.org\/{rel}","templated":true}]}}