{"id":2961,"date":"2016-10-04T18:35:03","date_gmt":"2016-10-04T18:35:03","guid":{"rendered":""},"modified":"2026-03-11T09:12:00","modified_gmt":"2026-03-11T14:12:00","slug":"intenciones-de-oracion-del-papa-francisco-para-octubre-de-2016","status":"publish","type":"post","link":"https:\/\/ceas.org.pe\/index.php\/2016\/10\/04\/intenciones-de-oracion-del-papa-francisco-para-octubre-de-2016\/","title":{"rendered":"Intenciones de oraci\u00f3n del Papa Francisco para octubre de 2016"},"content":{"rendered":"<p>\u00a0La Santa Sede dio a conocer las intenciones de oraci\u00f3n del Papa Francisco para el mes de octubre, dedicada a los periodistas y a la Jornada Mundial de las Misiones.<\/p>\n<div>\u00a0<\/div>\n<div>La intenci\u00f3n universal del apostolado de la oraci\u00f3n del Santo Padre para el mes de octubre de 2016 es: \u201cPara que los periodistas, en el ejercicio de su profesi\u00f3n, est\u00e9n siempre motivados por el respeto a la verdad y un fuerte sentido \u00e9tico.\u201d<\/div>\n<div>\u00a0<\/div>\n<div>Su intenci\u00f3n evangelizadora es: \u201cPara que la Jornada Mundial de las Misiones renueve en todas las comunidades cristianas la alegr\u00eda y la responsabilidad de anunciar el Evangelio\u201d.<\/div>\n<div>\u00a0<\/div>\n<div>Fuente: aciprensa.com<\/div>\n<p><a href=\"http:\/\/web.hilo.org.pe\/wp-content\/uploads\/Oracionpapa.jpg\" target=\"_blank\" rel=\"noopener\">Ver archivo adjunto<\/a><\/p>\n","protected":false},"excerpt":{"rendered":"<p>La Santa Sede dio a conocer las intenciones de oraci?n del Papa Francisco para el mes de octubre, dedicada a los periodistas y a la Jornada Mundial de las Misiones.<\/p>\n","protected":false},"author":1,"featured_media":7855,"comment_status":"closed","ping_status":"closed","sticky":false,"template":"","format":"standard","meta":{"footnotes":""},"categories":[9],"tags":[],"class_list":["post-2961","post","type-post","status-publish","format-standard","has-post-thumbnail","hentry","category-noticias"],"_links":{"self":[{"href":"https:\/\/ceas.org.pe\/index.php\/wp-json\/wp\/v2\/posts\/2961","targetHints":{"allow":["GET"]}}],"collection":[{"href":"https:\/\/ceas.org.pe\/index.php\/wp-json\/wp\/v2\/posts"}],"about":[{"href":"https:\/\/ceas.org.pe\/index.php\/wp-json\/wp\/v2\/types\/post"}],"author":[{"embeddable":true,"href":"https:\/\/ceas.org.pe\/index.php\/wp-json\/wp\/v2\/users\/1"}],"replies":[{"embeddable":true,"href":"https:\/\/ceas.org.pe\/index.php\/wp-json\/wp\/v2\/comments?post=2961"}],"version-history":[{"count":1,"href":"https:\/\/ceas.org.pe\/index.php\/wp-json\/wp\/v2\/posts\/2961\/revisions"}],"predecessor-version":[{"id":6257,"href":"https:\/\/ceas.org.pe\/index.php\/wp-json\/wp\/v2\/posts\/2961\/revisions\/6257"}],"wp:featuredmedia":[{"embeddable":true,"href":"https:\/\/ceas.org.pe\/index.php\/wp-json\/wp\/v2\/media\/7855"}],"wp:attachment":[{"href":"https:\/\/ceas.org.pe\/index.php\/wp-json\/wp\/v2\/media?parent=2961"}],"wp:term":[{"taxonomy":"category","embeddable":true,"href":"https:\/\/ceas.org.pe\/index.php\/wp-json\/wp\/v2\/categories?post=2961"},{"taxonomy":"post_tag","embeddable":true,"href":"https:\/\/ceas.org.pe\/index.php\/wp-json\/wp\/v2\/tags?post=2961"}],"curies":[{"name":"wp","href":"https:\/\/api.w.org\/{rel}","templated":true}]}}