{"id":2957,"date":"2016-09-30T17:46:11","date_gmt":"2016-09-30T17:46:11","guid":{"rendered":""},"modified":"2026-03-11T09:12:00","modified_gmt":"2026-03-11T14:12:00","slug":"papa-francisco-pide-comunicar-esperanza-y-confianza-a-travos-de-los-medios-de-comunicacion","status":"publish","type":"post","link":"https:\/\/ceas.org.pe\/index.php\/2016\/09\/30\/papa-francisco-pide-comunicar-esperanza-y-confianza-a-travos-de-los-medios-de-comunicacion\/","title":{"rendered":"Papa Francisco pide comunicar esperanza y confianza a trav\u00f3s de los medios de comunicaci\u00f3n"},"content":{"rendered":"<p>Se hizo p\u00fablico la ma\u00f1ana del jueves 29 de setiembre el lema de la Jornada Mundial de las Comunicaciones Sociales 2017: \u00abNo temas, porque yo estoy contigo\u00bb (Is 43,5). Comunicar esperanza y confianza en nuestro tiempo.<\/p>\n<div>\u00a0<\/div>\n<div>\u00abAnestesiar la conciencia o dejarse llevar por la desesperaci\u00f3n son dos posibles enfermedades a las que puede llevar el sistema de comunicaci\u00f3n actual\u00bb. Es lo que se lee en la nota de la Secretar\u00eda de las Comunciaciones Sociales que presenta el lema de la pr\u00f3xima Jornada, en la se advierte sobre \u00abla posibilidad de que la conciencia se cauterice como recuerda el Papa Francisco en la Laudato si\u2019 debido al hecho de que a menudo los profesionales, los l\u00edderes de opini\u00f3n y los medios de comunicaci\u00f3n, desarrollando su actividad en zonas urbanas distantes de los lugares de la pobreza y de las necesidades, vivan una distancia f\u00edsica que, a menudo, desemboca en la ignorancia de la complejidad de los dramas de los hombres y de las mujeres\u00bb.<\/div>\n<div>\u00a0<\/div>\n<div>\u00abLa desesperaci\u00f3n es posible, en cambio, cuando la comunicaci\u00f3n se enfatiza y se vuelve espect\u00e1culo, hasta convertirse a veces en una estrategia de construcci\u00f3n verdadera y propia de acechanzas y peligros inminentes\u00bb, prosigue el comunicado.\u00a0<\/div>\n<div>\u00a0<\/div>\n<div>\u00abPero en medio de este estruendo se oye un susurro: \u00abNo temas, porque yo estoy contigo\u00bb. En su Hijo, Dios se ha hecho solidario con cada situaci\u00f3n humana y ha revelado que no estamos solos, porque tenemos un Padre que no se olvida de sus hijos. El que vive unido a Cristo descubre que incluso la oscuridad y la muerte se convierten, para todo el que lo quiera, en lugar de comuni\u00f3n con la Luz y la Vida. En cualquier acontecimiento intenta descubrir lo que sucede entre Dios y la humanidad, para reconocer como Dios mismo, a trav\u00e9s del escenario dram\u00e1tico de este mundo, est\u00e9 escribiendo la historia de la salvaci\u00f3n. Nosotros, los cristianos, tenemos una \u00abbuena noticia\u00bb que contar porque contemplamos confiados el horizonte del Reino. El Tema de la pr\u00f3xima Jornada Mundial de las Comunicaciones Sociales &#8211; concluye la nota &#8211; es una invitaci\u00f3n a contar la historia del mundo y las historias de los hombres y de las mujeres, seg\u00fan la l\u00f3gica de la \u00abbuena noticia\u00bb que nos recuerda que Dios nunca renuncia a ser Padre, en cualquier situaci\u00f3n y con cada ser humano. Aprendamos a comunicar confianza y esperanza para la historia\u00bb.<\/div>\n<div>\u00a0<\/div>\n<div>Fuente: radiovaticana<\/div>\n<div>\u00a0<\/div>\n<p><a href=\"http:\/\/web.hilo.org.pe\/wp-content\/uploads\/Comunicar esperanza y confianza en nuestro tiempo.jpg\" target=\"_blank\" rel=\"noopener\">Ver archivo adjunto<\/a><\/p>\n","protected":false},"excerpt":{"rendered":"<p>Se hizo p?blico la ma?ana del jueves 29 de setiembre el lema de la Jornada Mundial de las Comunicaciones Sociales 2017: ?No temas, porque yo estoy contigo? (Is 43,5). Comunicar esperanza y confianza en nuestro tiempo.<\/p>\n","protected":false},"author":1,"featured_media":7855,"comment_status":"closed","ping_status":"closed","sticky":false,"template":"","format":"standard","meta":{"footnotes":""},"categories":[9],"tags":[],"class_list":["post-2957","post","type-post","status-publish","format-standard","has-post-thumbnail","hentry","category-noticias"],"_links":{"self":[{"href":"https:\/\/ceas.org.pe\/index.php\/wp-json\/wp\/v2\/posts\/2957","targetHints":{"allow":["GET"]}}],"collection":[{"href":"https:\/\/ceas.org.pe\/index.php\/wp-json\/wp\/v2\/posts"}],"about":[{"href":"https:\/\/ceas.org.pe\/index.php\/wp-json\/wp\/v2\/types\/post"}],"author":[{"embeddable":true,"href":"https:\/\/ceas.org.pe\/index.php\/wp-json\/wp\/v2\/users\/1"}],"replies":[{"embeddable":true,"href":"https:\/\/ceas.org.pe\/index.php\/wp-json\/wp\/v2\/comments?post=2957"}],"version-history":[{"count":1,"href":"https:\/\/ceas.org.pe\/index.php\/wp-json\/wp\/v2\/posts\/2957\/revisions"}],"predecessor-version":[{"id":6261,"href":"https:\/\/ceas.org.pe\/index.php\/wp-json\/wp\/v2\/posts\/2957\/revisions\/6261"}],"wp:featuredmedia":[{"embeddable":true,"href":"https:\/\/ceas.org.pe\/index.php\/wp-json\/wp\/v2\/media\/7855"}],"wp:attachment":[{"href":"https:\/\/ceas.org.pe\/index.php\/wp-json\/wp\/v2\/media?parent=2957"}],"wp:term":[{"taxonomy":"category","embeddable":true,"href":"https:\/\/ceas.org.pe\/index.php\/wp-json\/wp\/v2\/categories?post=2957"},{"taxonomy":"post_tag","embeddable":true,"href":"https:\/\/ceas.org.pe\/index.php\/wp-json\/wp\/v2\/tags?post=2957"}],"curies":[{"name":"wp","href":"https:\/\/api.w.org\/{rel}","templated":true}]}}