{"id":2955,"date":"2016-09-29T16:01:26","date_gmt":"2016-09-29T16:01:26","guid":{"rendered":""},"modified":"2026-03-11T09:12:00","modified_gmt":"2026-03-11T14:12:00","slug":"foro-poblico-cuidado-del-ambiente-desafoos-y-compromisos-para-la-sociedad-y-la-iglesia","status":"publish","type":"post","link":"https:\/\/ceas.org.pe\/index.php\/2016\/09\/29\/foro-poblico-cuidado-del-ambiente-desafoos-y-compromisos-para-la-sociedad-y-la-iglesia\/","title":{"rendered":"FORO P\u00f3BLICO: \u00abCUIDADO DEL AMBIENTE: DESAF\u00f3OS Y COMPROMISOS PARA LA SOCIEDAD Y LA IGLESIA\u00bb"},"content":{"rendered":"<p>\u00a0<span style=\"font-family: Calibri, sans-serif; font-size: 11pt; text-align: center;\">NOTA DE PRENSA<\/span><\/p>\n<h1 align=\"center\" style=\"margin-top:3.6pt;margin-right:.05pt;margin-bottom:0cm;\nmargin-left:0cm;margin-bottom:.0001pt;text-align:center\"><span style=\"font-size:11.0pt;font-family:\"Calibri\",sans-serif;mso-ascii-theme-font:\nminor-latin;mso-hansi-theme-font:minor-latin;mso-bidi-theme-font:minor-latin;\nmso-ansi-language:ES-PE\">FORO P\u00daBLICO:<\/span><span style=\"font-size:11.0pt;\nfont-family:\"Calibri\",sans-serif;mso-ascii-theme-font:minor-latin;mso-hansi-theme-font:\nminor-latin;mso-bidi-theme-font:minor-latin;mso-ansi-language:ES-PE;font-weight:\nnormal\"><o:p><\/o:p><\/span><\/h1>\n<p class=\"MsoNormal\" align=\"center\" style=\"margin-right:.05pt;text-align:center;\nline-height:14.4pt;mso-line-height-rule:exactly\"><b>\u00abCUIDADO DEL AMBIENTE: DESAF\u00cdOS Y COMPROMISOS PARA LA SOCIEDAD Y LA\u00a0<\/b><b>IGLESIA\u00bb<\/b><\/p>\n<p class=\"MsoNormal\" align=\"center\" style=\"margin-right:.05pt;text-align:center;\nline-height:14.4pt;mso-line-height-rule:exactly\"><o:p><\/o:p><\/p>\n<p class=\"MsoBodyText\" style=\"margin-top:3.95pt;margin-right:.05pt;margin-bottom:\n0cm;margin-left:0cm;margin-bottom:.0001pt;text-align:justify;line-height:14.4pt;\nmso-line-height-rule:exactly\"><span style=\"font-size:11.0pt;font-family:\"Calibri\",sans-serif;\nmso-ascii-theme-font:minor-latin;mso-hansi-theme-font:minor-latin;mso-bidi-theme-font:\nminor-latin;mso-ansi-language:ES-PE\">Laudato<span style=\"letter-spacing:.8pt\"> <\/span>Si<span style=\"letter-spacing:.8pt\"> <\/span>(Alabado<span style=\"letter-spacing:.8pt\"> <\/span>seas),<span style=\"letter-spacing:.8pt\"> <\/span>es<span style=\"letter-spacing:.8pt\"> <\/span>la<span style=\"letter-spacing:.8pt\"> <\/span>\u00faltima<span style=\"letter-spacing:.8pt\"> <\/span>Enc\u00edclica<span style=\"letter-spacing:.8pt\"> <\/span>escrita<span style=\"letter-spacing:.8pt\"> <\/span>por<span style=\"letter-spacing:.8pt\"> <\/span>el<span style=\"letter-spacing:.8pt\"> <\/span>Papa<span style=\"letter-spacing:.8pt\"> <\/span>Francisco,<span style=\"letter-spacing:.8pt\"> <\/span>en<span style=\"letter-spacing:.8pt\"> <\/span>donde<span style=\"letter-spacing:\n.8pt\"> <\/span>hace<span style=\"letter-spacing:.8pt\"> <\/span>una \u00abcr\u00edtica<span style=\"letter-spacing:.3pt\"> <\/span>mordaz<span style=\"letter-spacing:.3pt\"> <\/span>del<span style=\"letter-spacing:.3pt\"> <\/span>consumismo<span style=\"letter-spacing:.3pt\"> <\/span>y<span style=\"letter-spacing:.3pt\"> <\/span>el<span style=\"letter-spacing:\n.3pt\"> <\/span>desarrollo<span style=\"letter-spacing:.3pt\"> <\/span>irresponsable<span style=\"letter-spacing:.3pt\"> <\/span>con<span style=\"letter-spacing:.3pt\"> <\/span>un<span style=\"letter-spacing:.3pt\"> <\/span>alegato<span style=\"letter-spacing:.3pt\"> <\/span>en<span style=\"letter-spacing:.3pt\"> <\/span>favor<span style=\"letter-spacing:.3pt\"> <\/span>de<span style=\"letter-spacing:.3pt\"> <\/span>una<span style=\"letter-spacing:.3pt\"> <\/span>acci\u00f3n mundial r\u00e1pida y unificada para combatir la degradaci\u00f3n ambiental y el cambio clim\u00e1tico\u201d.<o:p><\/o:p><\/span><\/p>\n<p class=\"MsoNormal\" style=\"margin-top:.4pt;margin-right:.05pt;margin-bottom:\n0cm;margin-left:0cm;margin-bottom:.0001pt;line-height:14.0pt;mso-line-height-rule:\nexactly\"><o:p>\u00a0<\/o:p><\/p>\n<p class=\"MsoBodyText\" style=\"margin-top:0cm;margin-right:.05pt;margin-bottom:\n0cm;margin-left:0cm;margin-bottom:.0001pt;text-align:justify;line-height:14.4pt;\nmso-line-height-rule:exactly\"><span style=\"font-size:11.0pt;font-family:\"Calibri\",sans-serif;\nmso-ascii-theme-font:minor-latin;mso-hansi-theme-font:minor-latin;mso-bidi-theme-font:\nminor-latin;mso-ansi-language:ES-PE\">Ante<span style=\"letter-spacing:.85pt\"> <\/span>este<span style=\"letter-spacing:.85pt\"> <\/span>llamado<span style=\"letter-spacing:.85pt\"> <\/span>a<span style=\"letter-spacing:.85pt\"> <\/span>la<span style=\"letter-spacing:\n.85pt\"> <\/span>conciencia,<span style=\"letter-spacing:.85pt\"> <\/span>debemos<span style=\"letter-spacing:.85pt\"> <\/span>darnos<span style=\"letter-spacing:.85pt\"> <\/span>cuenta<span style=\"letter-spacing:.85pt\"> <\/span>que<span style=\"letter-spacing:.85pt\"> <\/span>estamos<span style=\"letter-spacing:.85pt\"> <\/span>viviendo<span style=\"letter-spacing:.85pt\"> <\/span>un<span style=\"letter-spacing:.85pt\"> <\/span>problema<span style=\"letter-spacing:.85pt\"> <\/span>que nos<span style=\"letter-spacing:1.3pt\"> <\/span>desaf\u00eda<span style=\"letter-spacing:1.3pt\"> <\/span>radicalmente<span style=\"letter-spacing:1.3pt\"> <\/span>a<span style=\"letter-spacing:1.3pt\"> <\/span>repensar,<span style=\"letter-spacing:1.3pt\"> <\/span>nuestra<span style=\"letter-spacing:1.3pt\"> <\/span>manera<span style=\"letter-spacing:1.3pt\"> <\/span>de<span style=\"letter-spacing:1.3pt\"> <\/span>ser,<span style=\"letter-spacing:1.3pt\"> <\/span>de<span style=\"letter-spacing:1.3pt\"> <\/span>actuar,<span style=\"letter-spacing:1.3pt\"> <\/span>no<span style=\"letter-spacing:1.3pt\"> <\/span>podemos<span style=\"letter-spacing:1.3pt\"> <\/span>seguir irresponsablemente contaminando nuestra<span style=\"letter-spacing:2.7pt\"> <\/span>Madre Tierra, que est\u00e1 entre los pobres m\u00e1s pobres.<o:p><\/o:p><\/span><\/p>\n<p class=\"MsoNormal\" style=\"margin-top:.55pt;margin-right:.05pt;margin-bottom:\n0cm;margin-left:0cm;margin-bottom:.0001pt;line-height:14.0pt;mso-line-height-rule:\nexactly\"><o:p>\u00a0<\/o:p><\/p>\n<p class=\"MsoNormal\" style=\"margin-right:.05pt;text-align:justify;line-height:\n14.4pt;mso-line-height-rule:exactly\">Por<span style=\"letter-spacing:.9pt\"> <\/span>ello,<span style=\"letter-spacing:.9pt\"> <\/span>la<span style=\"letter-spacing:.9pt\"> <\/span><b>Conferencia<span style=\"letter-spacing:.9pt\"> <\/span>Episcopal<span style=\"letter-spacing:.9pt\"> <\/span>Peruana,<span style=\"letter-spacing:1.0pt\"> <\/span><\/b>a<span style=\"letter-spacing:.9pt\"> <\/span>trav\u00e9s<span style=\"letter-spacing:.9pt\"> <\/span>de<span style=\"letter-spacing:.9pt\"> <\/span>su<span style=\"letter-spacing:.9pt\"> <\/span><b>Pastoral<span style=\"letter-spacing:.9pt\"> <\/span>Social<span style=\"letter-spacing:.9pt\"> <\/span>Nacional<\/b>,<span style=\"letter-spacing:.9pt\"> <\/span>el<span style=\"letter-spacing:.9pt\"> <\/span><b>Vicariato Apost\u00f3lico<span style=\"letter-spacing:.15pt\"> <\/span>de<span style=\"letter-spacing:\n.15pt\"> <\/span>Pucallpa<span style=\"letter-spacing:.3pt\"> <\/span><\/b>y<span style=\"letter-spacing:.15pt\"> <\/span>el<span style=\"letter-spacing:.15pt\"> <\/span><b>Centro<span style=\"letter-spacing:.15pt\"> <\/span>Amaz\u00f3nico<span style=\"letter-spacing:.15pt\"> <\/span>de<span style=\"letter-spacing:.15pt\"> <\/span>Antropolog\u00eda<span style=\"letter-spacing:.15pt\"> <\/span>y<span style=\"letter-spacing:.15pt\"> <\/span>Aplicaci\u00f3n<span style=\"letter-spacing:.15pt\"> <\/span>Pr\u00e1ctica<span style=\"letter-spacing:.3pt\"> <\/span><\/b>(CAAAP), organizan<span style=\"letter-spacing:2.6pt\"> <\/span>el<span style=\"letter-spacing:2.6pt\"> <\/span>tercer<span style=\"letter-spacing:2.65pt\"> <\/span><b>Foro<span style=\"letter-spacing:.05pt\"> <\/span>P\u00fablico:<span style=\"letter-spacing:.05pt\"> <\/span>\u201cCuidado<span style=\"letter-spacing:.05pt\"> <\/span>del<span style=\"letter-spacing:.05pt\"> <\/span>Ambiente:<span style=\"letter-spacing:.05pt\"> <\/span>Desaf\u00edos<span style=\"letter-spacing:.05pt\"> <\/span>y<span style=\"letter-spacing:.05pt\"> <\/span>Compromisos<span style=\"letter-spacing:.05pt\"> <\/span>para<span style=\"letter-spacing:.05pt\"> <\/span>la sociedad<span style=\"letter-spacing:1.05pt\"> <\/span>y<span style=\"letter-spacing:\n1.05pt\"> <\/span>la<span style=\"letter-spacing:1.05pt\"> <\/span>Iglesia\u201d<\/b>,<span style=\"letter-spacing:2.1pt\"> <\/span>que<span style=\"letter-spacing:1.05pt\"> <\/span>se<span style=\"letter-spacing:1.05pt\"> <\/span>llevar\u00e1<span style=\"letter-spacing:1.05pt\"> <\/span>a<span style=\"letter-spacing:1.05pt\"> <\/span>cabo<span style=\"letter-spacing:\n1.05pt\"> <\/span>el<span style=\"letter-spacing:1.05pt\"> <\/span><b>03<span style=\"letter-spacing:1.05pt\"> <\/span>de<span style=\"letter-spacing:1.05pt\"> <\/span>octubre<span style=\"letter-spacing:1.15pt\"> <\/span><\/b>a<span style=\"letter-spacing:1.05pt\"> <\/span>las<span style=\"letter-spacing:1.05pt\"> <\/span><b>6:30<span style=\"letter-spacing:1.05pt\"> <\/span>p.m<\/b>.<span style=\"letter-spacing:1.05pt\"> <\/span>en<span style=\"letter-spacing:1.05pt\"> <\/span>el<span style=\"letter-spacing:\n1.05pt\"> <\/span><b>Auditorio<span style=\"letter-spacing:1.05pt\"> <\/span>del Centro Pastoral Vicarial<span style=\"letter-spacing:.1pt\"> <\/span><\/b>(Jr. Atahualpa 821,<span style=\"letter-spacing:2.7pt\"> <\/span>Ex \u2013 Catedral).<o:p><\/o:p><\/p>\n<p class=\"MsoNormal\" style=\"margin-top:.1pt;margin-right:.05pt;margin-bottom:\n0cm;margin-left:0cm;margin-bottom:.0001pt;line-height:9.5pt;mso-line-height-rule:\nexactly\"><o:p>\u00a0<\/o:p><\/p>\n<p class=\"MsoBodyText\" style=\"margin-top:0cm;margin-right:.05pt;margin-bottom:\n0cm;margin-left:0cm;margin-bottom:.0001pt;text-align:justify;line-height:14.4pt;\nmso-line-height-rule:exactly\"><span style=\"font-size:11.0pt;font-family:\"Calibri\",sans-serif;\nmso-ascii-theme-font:minor-latin;mso-hansi-theme-font:minor-latin;mso-bidi-theme-font:\nminor-latin;mso-ansi-language:ES-PE\">Este<span style=\"letter-spacing:2.25pt\"> <\/span>Foro<span style=\"letter-spacing:2.25pt\"> <\/span>P\u00fablico<span style=\"letter-spacing:2.3pt\"> <\/span>se<span style=\"letter-spacing:2.25pt\"> <\/span>desarrolla<span style=\"letter-spacing:2.3pt\"> <\/span>en<span style=\"letter-spacing:2.25pt\"> <\/span>el<span style=\"letter-spacing:2.3pt\"> <\/span>marco<span style=\"letter-spacing:2.25pt\"> <\/span>del<span style=\"letter-spacing:2.3pt\"> <\/span>Encuentro<span style=\"letter-spacing:2.25pt\"> <\/span>Regional<span style=\"letter-spacing:2.3pt\"> <\/span>Selva<span style=\"letter-spacing:2.25pt\"> <\/span>de<span style=\"letter-spacing:2.3pt\"> <\/span>la<span style=\"letter-spacing:2.25pt\"> <\/span>Pastoral<span style=\"letter-spacing:2.3pt\"> <\/span>Social Laudato<span style=\"letter-spacing:1.75pt\"> <\/span>Si,<span style=\"letter-spacing:1.75pt\"> <\/span>que<span style=\"letter-spacing:1.8pt\"> <\/span>busca<span style=\"letter-spacing:1.75pt\"> <\/span>renovar<span style=\"letter-spacing:1.8pt\"> <\/span>y<span style=\"letter-spacing:1.75pt\"> <\/span>relanzar<span style=\"letter-spacing:1.8pt\"> <\/span>nuestro<span style=\"letter-spacing:1.75pt\"> <\/span>compromiso<span style=\"letter-spacing:1.8pt\"> <\/span>con<span style=\"letter-spacing:1.75pt\"> <\/span>el<span style=\"letter-spacing:1.8pt\"> <\/span>cuidado<span style=\"letter-spacing:1.75pt\"> <\/span>de<span style=\"letter-spacing:1.8pt\"> <\/span>nuestra<span style=\"letter-spacing:1.75pt\"> <\/span>\u201cCasa Com\u00fan\u201d,<span style=\"letter-spacing:\n1.5pt\"> <\/span>as\u00ed<span style=\"letter-spacing:1.5pt\"> <\/span>como<span style=\"letter-spacing:1.55pt\"> <\/span>avanzar<span style=\"letter-spacing:1.5pt\"> <\/span>hacia<span style=\"letter-spacing:1.55pt\"> <\/span>la<span style=\"letter-spacing:1.5pt\"> <\/span>nueva<span style=\"letter-spacing:1.55pt\"> <\/span>s\u00edntesis<span style=\"letter-spacing:1.5pt\"> <\/span>cultural<span style=\"letter-spacing:1.55pt\"> <\/span>que<span style=\"letter-spacing:1.5pt\"> <\/span>nos<span style=\"letter-spacing:\n1.55pt\"> <\/span>pide<span style=\"letter-spacing:1.5pt\"> <\/span>la<span style=\"letter-spacing:1.55pt\"> <\/span>Enc\u00edclica<span style=\"letter-spacing:\n1.5pt\"> <\/span>Laudato<span style=\"letter-spacing:1.55pt\"> <\/span>Si.<o:p><\/o:p><\/span><\/p>\n<p class=\"MsoNormal\" style=\"margin-top:.1pt;margin-right:.05pt;margin-bottom:\n0cm;margin-left:0cm;margin-bottom:.0001pt;line-height:5.5pt;mso-line-height-rule:\nexactly\"><o:p>\u00a0<\/o:p><\/p>\n<p class=\"MsoBodyText\" style=\"margin-top:0cm;margin-right:.05pt;margin-bottom:\n0cm;margin-left:0cm;margin-bottom:.0001pt;text-align:justify;line-height:14.4pt;\nmso-line-height-rule:exactly\"><span style=\"font-size:11.0pt;font-family:\"Calibri\",sans-serif;\nmso-ascii-theme-font:minor-latin;mso-hansi-theme-font:minor-latin;mso-bidi-theme-font:\nminor-latin;mso-ansi-language:ES-PE\">El<span style=\"letter-spacing:.2pt\"> <\/span>evento<span style=\"letter-spacing:.2pt\"> <\/span>contar\u00e1<span style=\"letter-spacing:.2pt\"> <\/span>con<span style=\"letter-spacing:.2pt\"> <\/span>la<span style=\"letter-spacing:.2pt\"> <\/span>ponencia<span style=\"letter-spacing:.2pt\"> <\/span>de<span style=\"letter-spacing:.2pt\"> <\/span>Mons.<span style=\"letter-spacing:.2pt\"> <\/span>Gaetano<span style=\"letter-spacing:.2pt\"> <\/span>Galbusera,<span style=\"letter-spacing:.2pt\"> <\/span>Obispo<span style=\"letter-spacing:.2pt\"> <\/span>del<span style=\"letter-spacing:.2pt\"> <\/span>Vicariato<span style=\"letter-spacing:.2pt\"> <\/span>Apost\u00f3lico<span style=\"letter-spacing:.2pt\"> <\/span>de Pucallpa,<span style=\"letter-spacing:2.5pt\"> <\/span>qui\u00e9n<span style=\"letter-spacing:2.5pt\"> <\/span>nos<span style=\"letter-spacing:2.55pt\"> <\/span>compartir\u00e1<span style=\"letter-spacing:\n2.5pt\"> <\/span>algunas<span style=\"letter-spacing:2.55pt\"> <\/span>reflexiones<span style=\"letter-spacing:2.5pt\"> <\/span>sobre<span style=\"letter-spacing:2.55pt\"> <\/span>la<span style=\"letter-spacing:2.5pt\"> <\/span>Enc\u00edclica<span style=\"letter-spacing:2.55pt\"> <\/span>Laudato<span style=\"letter-spacing:2.5pt\"> <\/span>Si<span style=\"letter-spacing:2.55pt\"> <\/span>junto<span style=\"letter-spacing:2.5pt\"> <\/span>al<span style=\"letter-spacing:2.55pt\"> <\/span>Mg. Ismael Vega D\u00edaz, Director del<span style=\"letter-spacing:2.7pt\"> <\/span>CAAAP y la Lic. Laura Vargas, Responsable del Programa de Doctrina Social de la Iglesia -CEAS.<o:p><\/o:p><\/span><\/p>\n<p class=\"MsoNormal\" style=\"margin-top:.3pt;margin-right:.05pt;margin-bottom:\n0cm;margin-left:0cm;margin-bottom:.0001pt;line-height:9.5pt;mso-line-height-rule:\nexactly\"><o:p>\u00a0<\/o:p><\/p>\n<p class=\"MsoBodyText\" style=\"margin-top:0cm;margin-right:.05pt;margin-bottom:\n0cm;margin-left:0cm;margin-bottom:.0001pt;text-align:justify;line-height:14.4pt;\nmso-line-height-rule:exactly\"><span style=\"font-size:11.0pt;font-family:\"Calibri\",sans-serif;\nmso-ascii-theme-font:minor-latin;mso-hansi-theme-font:minor-latin;mso-bidi-theme-font:\nminor-latin;mso-ansi-language:ES-PE\">El<span style=\"letter-spacing:1.05pt\"> <\/span>Foro<span style=\"letter-spacing:1.05pt\"> <\/span>P\u00fablico<span style=\"letter-spacing:1.05pt\"> <\/span>tambi\u00e9n<span style=\"letter-spacing:1.05pt\"> <\/span>contar\u00e1<span style=\"letter-spacing:1.05pt\"> <\/span>con<span style=\"letter-spacing:1.05pt\"> <\/span>un<span style=\"letter-spacing:1.05pt\"> <\/span>panel<span style=\"letter-spacing:1.05pt\"> <\/span>de<span style=\"letter-spacing:1.05pt\"> <\/span>especialistas<span style=\"letter-spacing:1.05pt\"> <\/span>como<span style=\"letter-spacing:1.05pt\"> <\/span>el<span style=\"letter-spacing:1.05pt\"> <\/span>Mg.<span style=\"letter-spacing:1.05pt\"> <\/span>V\u00edctor<span style=\"letter-spacing:1.05pt\"> <\/span>George<span style=\"letter-spacing:1.05pt\"> <\/span>Garc\u00eda L\u00f3pez,<span style=\"letter-spacing:2.0pt\"> <\/span>Director<span style=\"letter-spacing:2.0pt\"> <\/span>Regional<span style=\"letter-spacing:2.05pt\"> <\/span>de<span style=\"letter-spacing:2.0pt\"> <\/span>Educaci\u00f3n<span style=\"letter-spacing:2.05pt\"> <\/span>de<span style=\"letter-spacing:2.0pt\"> <\/span>Ucayali<span style=\"letter-spacing:2.05pt\"> <\/span>(DREU),<span style=\"letter-spacing:2.0pt\"> <\/span>el<span style=\"letter-spacing:2.05pt\"> <\/span>Sr.<span style=\"letter-spacing:\n2.0pt\"> <\/span>Mariano<span style=\"letter-spacing:2.05pt\"> <\/span>Rebasa<span style=\"letter-spacing:2.0pt\"> <\/span>Alfaro,<span style=\"letter-spacing:2.05pt\"> <\/span>Vice Gobernador<span style=\"letter-spacing:.8pt\"> <\/span>de<span style=\"letter-spacing:.8pt\"> <\/span>Ucayali<span style=\"letter-spacing:.8pt\"> <\/span>y<span style=\"letter-spacing:.8pt\"> <\/span>el<span style=\"letter-spacing:.8pt\"> <\/span>Ing.<span style=\"letter-spacing:.8pt\"> <\/span>\u00d3scar<span style=\"letter-spacing:.8pt\"> <\/span>Barreto<span style=\"letter-spacing:.8pt\"> <\/span>V\u00e1squez,<span style=\"letter-spacing:.8pt\"> <\/span>representante<span style=\"letter-spacing:.8pt\"> <\/span>de<span style=\"letter-spacing:.8pt\"> <\/span>la<span style=\"letter-spacing:.8pt\"> <\/span>Universidad<span style=\"letter-spacing:\n.8pt\"> <\/span>Nacional de Ucayali.<o:p><\/o:p><\/span><\/p>\n<p class=\"MsoNormal\" style=\"margin-top:.1pt;margin-right:.05pt;margin-bottom:\n0cm;margin-left:0cm;margin-bottom:.0001pt;line-height:7.0pt;mso-line-height-rule:\nexactly\"><o:p>\u00a0<\/o:p><\/p>\n<p class=\"MsoNormal\" style=\"margin-right:.05pt;text-align:justify;line-height:\n14.4pt;mso-line-height-rule:exactly\"><b>\u201cCuidado<span style=\"letter-spacing:.3pt\"> <\/span>del<span style=\"letter-spacing:.3pt\"> <\/span>Ambiente:<span style=\"letter-spacing:.3pt\"> <\/span>Desaf\u00edos<span style=\"letter-spacing:.3pt\"> <\/span>y<span style=\"letter-spacing:.3pt\"> <\/span>Compromisos<span style=\"letter-spacing:\n.3pt\"> <\/span>para<span style=\"letter-spacing:.3pt\"> <\/span>la<span style=\"letter-spacing:.3pt\"> <\/span>sociedad<span style=\"letter-spacing:.3pt\"> <\/span>y<span style=\"letter-spacing:.3pt\"> <\/span>la<span style=\"letter-spacing:.3pt\"> <\/span>Iglesia\u201d<span style=\"letter-spacing:.3pt\"> <\/span><\/b>es<span style=\"letter-spacing:.3pt\"> <\/span>una<span style=\"letter-spacing:.3pt\"> <\/span>invitaci\u00f3n a<span style=\"letter-spacing:\n.9pt\"> <\/span>cambios<span style=\"letter-spacing:.9pt\"> <\/span>profundos<span style=\"letter-spacing:.9pt\"> <\/span>y<span style=\"letter-spacing:.9pt\"> <\/span>radicales<span style=\"letter-spacing:.9pt\"> <\/span>en<span style=\"letter-spacing:.9pt\"> <\/span>nuestros<span style=\"letter-spacing:.9pt\"> <\/span>estilos<span style=\"letter-spacing:.9pt\"> <\/span>de<span style=\"letter-spacing:.9pt\"> <\/span>vida,<span style=\"letter-spacing:.9pt\"> <\/span>en<span style=\"letter-spacing:.9pt\"> <\/span>nuestra<span style=\"letter-spacing:.9pt\"> <\/span>espiritualidad<span style=\"letter-spacing:.9pt\"> <\/span>y<span style=\"letter-spacing:.9pt\"> <\/span>en<span style=\"letter-spacing:.9pt\"> <\/span>nuestra manera de actuar frente a nuestro ambiente.<o:p><\/o:p><\/p>\n<p class=\"MsoBodyText\" style=\"margin-top:3.25pt;margin-right:.05pt;margin-bottom:\n0cm;margin-left:0cm;margin-bottom:.0001pt;text-align:justify;line-height:14.4pt;\nmso-line-height-rule:exactly\"><span style=\"font-size:11.0pt;font-family:\"Calibri\",sans-serif;\nmso-ascii-theme-font:minor-latin;mso-hansi-theme-font:minor-latin;mso-bidi-theme-font:\nminor-latin;mso-ansi-language:ES-PE\">Se<span style=\"letter-spacing:1.75pt\"> <\/span>espera<span style=\"letter-spacing:1.75pt\"> <\/span>la<span style=\"letter-spacing:1.8pt\"> <\/span>participaci\u00f3n<span style=\"letter-spacing:1.75pt\"> <\/span>de<span style=\"letter-spacing:1.8pt\"> <\/span>m\u00e1s<span style=\"letter-spacing:1.75pt\"> <\/span>200<span style=\"letter-spacing:1.8pt\"> <\/span>personas<span style=\"letter-spacing:1.75pt\"> <\/span>entre<span style=\"letter-spacing:1.8pt\"> <\/span>agentes<span style=\"letter-spacing:1.75pt\"> <\/span>pastorales<span style=\"letter-spacing:\n1.8pt\"> <\/span>de<span style=\"letter-spacing:1.75pt\"> <\/span>la<span style=\"letter-spacing:1.8pt\"> <\/span>selva<span style=\"letter-spacing:1.75pt\"> <\/span>y<span style=\"letter-spacing:1.8pt\"> <\/span>p\u00fablico<span style=\"letter-spacing:1.75pt\"> <\/span>en general.<o:p><\/o:p><\/span><\/p>\n<p class=\"MsoNormal\" style=\"margin-right:.05pt;line-height:6.0pt;mso-line-height-rule:\nexactly\"><o:p>\u00a0<\/o:p><\/p>\n<p class=\"MsoBodyText\" style=\"margin-top:0cm;margin-right:.05pt;margin-bottom:\n0cm;margin-left:0cm;margin-bottom:.0001pt;text-align:justify\"><span style=\"font-size:11.0pt;font-family:\"Calibri\",sans-serif;mso-ascii-theme-font:\nminor-latin;mso-hansi-theme-font:minor-latin;mso-bidi-theme-font:minor-latin;\nmso-ansi-language:ES-PE\">El ingreso es libre, los esperamos.<o:p><\/o:p><\/span><\/p>\n<p class=\"MsoNormal\" style=\"margin-top:.85pt;margin-right:.05pt;margin-bottom:\n0cm;margin-left:0cm;margin-bottom:.0001pt;line-height:11.0pt;mso-line-height-rule:\nexactly\"><o:p>\u00a0<\/o:p><\/p>\n<p class=\"MsoBodyText\" style=\"margin-top:0cm;margin-right:.05pt;margin-bottom:\n0cm;margin-left:0cm;margin-bottom:.0001pt;text-align:justify\"><span style=\"font-size:11.0pt;font-family:\"Calibri\",sans-serif;mso-ascii-theme-font:\nminor-latin;mso-hansi-theme-font:minor-latin;mso-bidi-theme-font:minor-latin;\nmso-ansi-language:ES-PE\">MUY<span style=\"letter-spacing:-.1pt\"> <\/span>AGRADECIDOS<span style=\"letter-spacing:-.05pt\"> <\/span>POR<span style=\"letter-spacing:-.05pt\"> <\/span>SU<span style=\"letter-spacing:-.05pt\"> <\/span>DIFUSI\u00d3N<o:p><\/o:p><\/span><\/p>\n<p class=\"MsoNormal\" style=\"margin-top:.3pt;margin-right:.05pt;margin-bottom:\n0cm;margin-left:0cm;margin-bottom:.0001pt;line-height:10.0pt;mso-line-height-rule:\nexactly\"><o:p>\u00a0<\/o:p><\/p>\n<p class=\"MsoBodyText\" style=\"margin-top:0cm;margin-right:.05pt;margin-bottom:\n0cm;margin-left:0cm;margin-bottom:.0001pt;text-align:justify\"><span style=\"font-size:11.0pt;font-family:\"Calibri\",sans-serif;mso-ascii-theme-font:\nminor-latin;mso-hansi-theme-font:minor-latin;mso-bidi-theme-font:minor-latin;\nmso-ansi-language:ES-PE\">Ucayali, 27 de setiembre de 2016<o:p><\/o:p><\/span><\/p>\n<p><a href=\"http:\/\/web.hilo.org.pe\/wp-content\/uploads\/AFICHE PUCALLPA WEB.jpg\" target=\"_blank\" rel=\"noopener\">Ver archivo adjunto<\/a><\/p>\n","protected":false},"excerpt":{"rendered":"<p>La Conferencia Episcopal Peruana, a trav?s de su Pastoral Social Nacional, el Vicariato Apost?lico de Pucallpa y el Centro Amaz?nico de Antropolog?a y Aplicaci?n Pr?ctica (CAAAP), organizan el tercer Foro P?blico: ?Cuidado del Ambiente: Desaf?os y Compromisos para la sociedad y la Iglesia?, que se llevar? a cabo el 03 de octubre a las 6:30 p.m. en el Auditorio del Centro Pastoral Vicarial (Jr. Atahualpa 821, Pucallpa Ex ? Catedral).<\/p>\n","protected":false},"author":1,"featured_media":7857,"comment_status":"closed","ping_status":"closed","sticky":false,"template":"","format":"standard","meta":{"footnotes":""},"categories":[9],"tags":[],"class_list":["post-2955","post","type-post","status-publish","format-standard","has-post-thumbnail","hentry","category-noticias"],"_links":{"self":[{"href":"https:\/\/ceas.org.pe\/index.php\/wp-json\/wp\/v2\/posts\/2955","targetHints":{"allow":["GET"]}}],"collection":[{"href":"https:\/\/ceas.org.pe\/index.php\/wp-json\/wp\/v2\/posts"}],"about":[{"href":"https:\/\/ceas.org.pe\/index.php\/wp-json\/wp\/v2\/types\/post"}],"author":[{"embeddable":true,"href":"https:\/\/ceas.org.pe\/index.php\/wp-json\/wp\/v2\/users\/1"}],"replies":[{"embeddable":true,"href":"https:\/\/ceas.org.pe\/index.php\/wp-json\/wp\/v2\/comments?post=2955"}],"version-history":[{"count":1,"href":"https:\/\/ceas.org.pe\/index.php\/wp-json\/wp\/v2\/posts\/2955\/revisions"}],"predecessor-version":[{"id":6263,"href":"https:\/\/ceas.org.pe\/index.php\/wp-json\/wp\/v2\/posts\/2955\/revisions\/6263"}],"wp:featuredmedia":[{"embeddable":true,"href":"https:\/\/ceas.org.pe\/index.php\/wp-json\/wp\/v2\/media\/7857"}],"wp:attachment":[{"href":"https:\/\/ceas.org.pe\/index.php\/wp-json\/wp\/v2\/media?parent=2955"}],"wp:term":[{"taxonomy":"category","embeddable":true,"href":"https:\/\/ceas.org.pe\/index.php\/wp-json\/wp\/v2\/categories?post=2955"},{"taxonomy":"post_tag","embeddable":true,"href":"https:\/\/ceas.org.pe\/index.php\/wp-json\/wp\/v2\/tags?post=2955"}],"curies":[{"name":"wp","href":"https:\/\/api.w.org\/{rel}","templated":true}]}}