{"id":2951,"date":"2016-09-27T17:57:46","date_gmt":"2016-09-27T17:57:46","guid":{"rendered":""},"modified":"2026-03-11T09:12:00","modified_gmt":"2026-03-11T14:12:00","slug":"mujeres-indogenas-amazonicas-y-andinas-en-defensa-de-la-amazonoa","status":"publish","type":"post","link":"https:\/\/ceas.org.pe\/index.php\/2016\/09\/27\/mujeres-indogenas-amazonicas-y-andinas-en-defensa-de-la-amazonoa\/","title":{"rendered":"Mujeres ind\u00f3genas amaz\u00f3nicas y andinas en defensa de la Amazon\u00f3a"},"content":{"rendered":"<p>\u00abToda la sociedad tiene que movilizarse en defensa de la Amazon\u00eda, de cuyos recursos depende la vida de nuestros pueblos andinos, amaz\u00f3nicos y costeros\u00bb, invoc\u00f3 Norma Canales, del Grupo Impulsor Mujeres y Cambio Clim\u00e1tico, organizaci\u00f3n que integra el Comit\u00e9 Nacional del VIII Foro Social Panamaz\u00f3nico (Fospa) y el Grupo Sectorial Mujeres, Diversidades y Di\u00e1logos Interculturales.<\/p>\n<p>En conferencia de prensa, realizada el \u00faltimo 31 de agosto, el Comit\u00e9 Nacional del Fospa anunci\u00f3 los objetivos de esta cita regional que, por primera vez, tendr\u00e1 lugar en Per\u00fa, y que surgi\u00f3 como una iniciativa al interior del Foro Social Mundial, espacio de articulaci\u00f3n anual de los movimientos sociales del planeta identificados con la visi\u00f3n de un mundo sin explotaci\u00f3n ni discriminaciones.\u00a0<\/p>\n<div>Canales explic\u00f3 la importancia de la Amazon\u00eda, territorio de m\u00e1s de siete millones de kil\u00f3metros cuadrados que comparten las poblaciones de ocho pa\u00edses, donde 34 millones de mujeres y hombres desarrollan sus proyectos de vida, incluidos 390 pueblos ind\u00edgenas.<\/div>\n<div>\u00a0<\/div>\n<div>Las organizaciones de mujeres que son parte del proceso de organizaci\u00f3n hicieron sentir su voz como parte del \u00abllamado del bosque\u00bb, lema que acompa\u00f1a la organizaci\u00f3n de este evento regional, donde se espera la participaci\u00f3n de 1,500 representantes de Per\u00fa, Bolivia, Brasil, Colombia, Ecuador, Guyana, Guyana Francesa, Surinam y Venezuela.<\/div>\n<div>\u00a0<\/div>\n<div>Para Canales, el deterioro de la Amazon\u00eda avanza por los impactos del modelo de desarrollo capitalista extractivista y la expansi\u00f3n de los mercados globales que han generado el cambio clim\u00e1tico, una de las principales amenazas para la existencia humana.<\/div>\n<div>\u00a0<\/div>\n<div>El cambio clim\u00e1tico -explic\u00f3- acent\u00faa las desigualdades y opresi\u00f3n generadas por este sistema, que golpea m\u00e1s a quienes menos tienen y pone en riesgo los medios de vida de las mujeres amaz\u00f3nicas y andinas, exacerba las violencias contra ellas, invisibiliza y usufruct\u00faa su trabajo de cuidado en hogares y comunidades, y criminaliza sus luchas en defensa de su tierra, agua y bosques.<\/div>\n<div>\u00a0<\/div>\n<div>Asimismo, advirti\u00f3 sobre la necesidad de vincular la defensa que hacen las mujeres de sus cuerpos como territorio individual y de sus tierras y comunidades como territorio colectivo.\u00a0<\/div>\n<div>\u00a0<\/div>\n<div>\u00abDemandamos que en ambas dimensiones se respete nuestro derecho a decidir con libertad y autonom\u00eda, eso es parte de nuestra agenda panamaz\u00f3nica\u00bb, remarc\u00f3.<\/div>\n<div>Las propuestas del Grupo Sectorial de Mujeres, Diversidades y Di\u00e1logos Interculturales giran en torno a la realidad de la violencia y discriminaci\u00f3n, seguridad y soberan\u00eda alimentaria, participaci\u00f3n pol\u00edtica y fortalecimiento organizativo, cambio clim\u00e1tico y econom\u00eda sostenible, y gesti\u00f3n de la tierra y territorio.\u00a0<\/div>\n<div>\u00a0<\/div>\n<div>\u00abNosotras queremos hacer o\u00edr nuestras voces diversas y plurales exigiendo a nuestros Estados la garant\u00eda del pleno ejercicio de nuestros derechos como mujeres amaz\u00f3nicas y andinas\u00bb, dijo.<\/div>\n<div>\u00a0<\/div>\n<div>El VIII Fospa, a realizarse en abril de 2017 en la ciudad de Tarapoto (San Mart\u00edn), a 970 kil\u00f3metros de la capital peruana, abordar\u00e1 temas como: territorio e identidad, cambio clim\u00e1tico y soberan\u00eda alimentaria, mujeres panamaz\u00f3nicas y andinas, modelo neocolonial e impacto en los derechos de los pueblos de la panamazon\u00eda andina, y paradigmas alternativas y procesos de resistencia.<\/div>\n<div>\u00a0<\/div>\n<div>Ketty Marcelo L\u00f3pez, presidenta de la Organizaci\u00f3n Nacional de Mujeres Ind\u00edgenas Andinas y Amaz\u00f3nicas del Per\u00fa (ONAMIAP), resalt\u00f3 que el VIII Fospa permitir\u00e1 colocar la visi\u00f3n de desarrollo de los pueblos ind\u00edgenas y dar visibilidad a sus agendas en aspectos como los territorios y el cuidado de los bienes de la naturaleza.<\/div>\n<div>\u00a0<\/div>\n<div>El presidente de la Asociaci\u00f3n Inter\u00e9tnica de Desarrollo de la Selva Peruana (AIDESEP), Henderson Rengifo, afirm\u00f3 que sin territorios los pueblos ind\u00edgenas \u00abno somos nada\u00bb y demand\u00f3 la titulaci\u00f3n de 20 millones de hect\u00e1reas \u00abdonde queremos vivir una vida plena\u00bb.\u00a0<\/div>\n<div>\u00a0<\/div>\n<div>\u00abEl bosque est\u00e1 en peligro -dijo- los megaproyectos est\u00e1n pelando la Amazon\u00eda y no lo vamos a permitir\u00bb.<\/div>\n<div>\u00a0<\/div>\n<div>Fuente: redsemlac.net<\/div>\n<p><a href=\"http:\/\/web.hilo.org.pe\/wp-content\/uploads\/Mujeres indigenas.jpg\" target=\"_blank\" rel=\"noopener\">Ver archivo adjunto<\/a><\/p>\n","protected":false},"excerpt":{"rendered":"<p>\u00abToda la sociedad tiene que movilizarse en defensa de la Amazon?a, de cuyos recursos depende la vida de nuestros pueblos andinos, amaz?nicos y costeros\u00bb, invoc? Norma Canales, del Grupo Impulsor Mujeres y Cambio Clim?tico, organizaci?n que integra el Comit? Nacional del VIII Foro Social Panamaz?nico (Fospa) y el Grupo Sectorial Mujeres, Diversidades y Di?logos Interculturales.<\/p>\n","protected":false},"author":1,"featured_media":7848,"comment_status":"closed","ping_status":"closed","sticky":false,"template":"","format":"standard","meta":{"footnotes":""},"categories":[9],"tags":[],"class_list":["post-2951","post","type-post","status-publish","format-standard","has-post-thumbnail","hentry","category-noticias"],"_links":{"self":[{"href":"https:\/\/ceas.org.pe\/index.php\/wp-json\/wp\/v2\/posts\/2951","targetHints":{"allow":["GET"]}}],"collection":[{"href":"https:\/\/ceas.org.pe\/index.php\/wp-json\/wp\/v2\/posts"}],"about":[{"href":"https:\/\/ceas.org.pe\/index.php\/wp-json\/wp\/v2\/types\/post"}],"author":[{"embeddable":true,"href":"https:\/\/ceas.org.pe\/index.php\/wp-json\/wp\/v2\/users\/1"}],"replies":[{"embeddable":true,"href":"https:\/\/ceas.org.pe\/index.php\/wp-json\/wp\/v2\/comments?post=2951"}],"version-history":[{"count":1,"href":"https:\/\/ceas.org.pe\/index.php\/wp-json\/wp\/v2\/posts\/2951\/revisions"}],"predecessor-version":[{"id":6267,"href":"https:\/\/ceas.org.pe\/index.php\/wp-json\/wp\/v2\/posts\/2951\/revisions\/6267"}],"wp:featuredmedia":[{"embeddable":true,"href":"https:\/\/ceas.org.pe\/index.php\/wp-json\/wp\/v2\/media\/7848"}],"wp:attachment":[{"href":"https:\/\/ceas.org.pe\/index.php\/wp-json\/wp\/v2\/media?parent=2951"}],"wp:term":[{"taxonomy":"category","embeddable":true,"href":"https:\/\/ceas.org.pe\/index.php\/wp-json\/wp\/v2\/categories?post=2951"},{"taxonomy":"post_tag","embeddable":true,"href":"https:\/\/ceas.org.pe\/index.php\/wp-json\/wp\/v2\/tags?post=2951"}],"curies":[{"name":"wp","href":"https:\/\/api.w.org\/{rel}","templated":true}]}}