{"id":2950,"date":"2016-09-26T18:39:00","date_gmt":"2016-09-26T18:39:00","guid":{"rendered":""},"modified":"2026-03-11T09:12:00","modified_gmt":"2026-03-11T14:12:00","slug":"obispo-castrense-estuvo-en-cusco","status":"publish","type":"post","link":"https:\/\/ceas.org.pe\/index.php\/2016\/09\/26\/obispo-castrense-estuvo-en-cusco\/","title":{"rendered":"Obispo castrense estuvo en Cusco"},"content":{"rendered":"<p>El Obispo Castrense del Per\u00fa, Monse\u00f1or Juan Carlos Vera Plasencia, MSC., realiz\u00f3 su segunda visita pastoral a la ciudad de Cusco, con una agenda recargada que inici\u00f3 con una Acci\u00f3n Lit\u00fargica en la Regi\u00f3n Policial Cusco. Luego, visit\u00f3 la Escuela T\u00e9cnica Superior de la PNP-Pucuto, donde imparti\u00f3 los sacramentos de iniciaci\u00f3n cristiana a 150 alumnos, que recibieron el Bautismo, Primera Comuni\u00f3n y Confirmaci\u00f3n, concluyendo la jornada con una visita pastoral al Policl\u00ednico PNP Santa Rosa, en el Cusco.<\/p>\n<div>\u00a0<\/div>\n<div>Continuando su itinerario, el Obispo luego visit\u00f3 la 5ta Brigada de Monta\u00f1a, impartiendo los Sacramentos del Bautizo, Primera Comuni\u00f3n y Confirmaci\u00f3n a cerca de 200 personas, entre alumnos de los colegios militares y personal militar. Esta ceremonia se celebr\u00f3 en la Bas\u00edlica Catedral del Cusco. Posteriormente, Monse\u00f1or Juan Carlos Vera, se dirigi\u00f3 a la Instituci\u00f3n Educativa Coronel Francisco Bolognesi, el Colegio Militar Inca Yupanqui, al Cuartel General Mariscal Agust\u00edn Gamarra de Huancaro, finalizando su agenda con un encuentro con la familia Militar.<\/div>\n<div>\u00a0<\/div>\n<div>Durante su visita a esta ciudad, el Obispo Castrense del Per\u00fa expres\u00f3 su alegr\u00eda de cumplir su segunda visita pastoral a la ciudad del Cusco. Se\u00f1al\u00f3 haber estado desde ni\u00f1o muy ligado a las instituciones castrenses, por haber sido hijo de polic\u00eda, manifestando tambi\u00e9n su singular devoci\u00f3n a Santa Rosa de Lima, a la que considera como \u00fanica Santa peruana, patrona de una instituci\u00f3n castrense. (Fuente: CEP)<\/div>\n<div>\u00a0<\/div>\n<p>\u00a0<\/p>\n<p><a href=\"http:\/\/web.hilo.org.pe\/wp-content\/uploads\/obispo-castrense-en-cusco.jpg\" target=\"_blank\" rel=\"noopener\">Ver archivo adjunto<\/a><\/p>\n","protected":false},"excerpt":{"rendered":"<p>El Obispo Castrense del Per?, Monse?or Juan Carlos Vera Plasencia, MSC., realiz? su segunda visita pastoral a la ciudad de Cusco, con una agenda recargada que inici? con una Acci?n Lit?rgica en la Regi?n Policial Cusco.<\/p>\n","protected":false},"author":1,"featured_media":7884,"comment_status":"closed","ping_status":"closed","sticky":false,"template":"","format":"standard","meta":{"footnotes":""},"categories":[9],"tags":[],"class_list":["post-2950","post","type-post","status-publish","format-standard","has-post-thumbnail","hentry","category-noticias"],"_links":{"self":[{"href":"https:\/\/ceas.org.pe\/index.php\/wp-json\/wp\/v2\/posts\/2950","targetHints":{"allow":["GET"]}}],"collection":[{"href":"https:\/\/ceas.org.pe\/index.php\/wp-json\/wp\/v2\/posts"}],"about":[{"href":"https:\/\/ceas.org.pe\/index.php\/wp-json\/wp\/v2\/types\/post"}],"author":[{"embeddable":true,"href":"https:\/\/ceas.org.pe\/index.php\/wp-json\/wp\/v2\/users\/1"}],"replies":[{"embeddable":true,"href":"https:\/\/ceas.org.pe\/index.php\/wp-json\/wp\/v2\/comments?post=2950"}],"version-history":[{"count":1,"href":"https:\/\/ceas.org.pe\/index.php\/wp-json\/wp\/v2\/posts\/2950\/revisions"}],"predecessor-version":[{"id":6268,"href":"https:\/\/ceas.org.pe\/index.php\/wp-json\/wp\/v2\/posts\/2950\/revisions\/6268"}],"wp:featuredmedia":[{"embeddable":true,"href":"https:\/\/ceas.org.pe\/index.php\/wp-json\/wp\/v2\/media\/7884"}],"wp:attachment":[{"href":"https:\/\/ceas.org.pe\/index.php\/wp-json\/wp\/v2\/media?parent=2950"}],"wp:term":[{"taxonomy":"category","embeddable":true,"href":"https:\/\/ceas.org.pe\/index.php\/wp-json\/wp\/v2\/categories?post=2950"},{"taxonomy":"post_tag","embeddable":true,"href":"https:\/\/ceas.org.pe\/index.php\/wp-json\/wp\/v2\/tags?post=2950"}],"curies":[{"name":"wp","href":"https:\/\/api.w.org\/{rel}","templated":true}]}}