{"id":2949,"date":"2016-09-26T18:37:08","date_gmt":"2016-09-26T18:37:08","guid":{"rendered":""},"modified":"2026-03-11T09:12:00","modified_gmt":"2026-03-11T14:12:00","slug":"jornadas-para-las-coritas-diocesanas","status":"publish","type":"post","link":"https:\/\/ceas.org.pe\/index.php\/2016\/09\/26\/jornadas-para-las-coritas-diocesanas\/","title":{"rendered":"Jornadas para las C\u00f3ritas Diocesanas"},"content":{"rendered":"<div>Con el prop\u00f3sito de ofrecer un espacio de formaci\u00f3n para los Secretarios Generales y miembros de la Red de C\u00e1ritas Diocesanas, y de esa manera, mejorar su gesti\u00f3n y servicio a las poblaciones m\u00e1s necesitadas del pa\u00eds, C\u00e1ritas del Per\u00fa realiz\u00f3 una Jornada de Capacitaci\u00f3n, en su local institucional.<\/div>\n<div>\u00a0<\/div>\n<div>Esta jornada cont\u00f3 con la participaci\u00f3n de representantes de las C\u00e1ritas Diocesanas de Chosica, Selva Central, Abancay, Huancavelica, Tacna -Moquegua, Tarma, Sicuani, Ja\u00e9n, Ca\u00f1ete, Huaraz, Trujillo, Ayacucho, Vicar\u00eda de la Caridad, Callao, Cusco, Puno, Chuquibambilla, Atalaya, San Jos\u00e9 del Amazonas, Chota, Yurimaguas, Madre de Dios, Piura-Tumbes, Carabayllo y Chiclayo.<\/div>\n<div>\u00a0<\/div>\n<div>Entre los temas que se ofrecieron a los participantes est\u00e1n la Eclesiolog\u00eda de la Comuni\u00f3n, los Principios B\u00e1sicos de la Doctrina Social de la Iglesia, la Responsabilidad Social, el Dise\u00f1o de Proyectos, Est\u00e1ndares de Caritas Internationalis, Equidad entre Hombres y Mujeres, Medio Ambiente, Emergencias, Voluntariado, Comunicaciones, as\u00ed como aspectos financieros y administrativos. (Fuente: CEP)<\/div>\n<p><a href=\"http:\/\/web.hilo.org.pe\/wp-content\/uploads\/Jornadas.jpg\" target=\"_blank\" rel=\"noopener\">Ver archivo adjunto<\/a><\/p>\n","protected":false},"excerpt":{"rendered":"<p>Con el prop?sito de ofrecer un espacio de formaci?n para los Secretarios Generales y miembros de la Red de C?ritas Diocesanas, y de esa manera, mejorar su gesti?n y servicio a las poblaciones m?s necesitadas del pa?s, C?ritas del Per? realiz? una Jornada de Capacitaci?n, en su local institucional.<\/p>\n","protected":false},"author":1,"featured_media":8112,"comment_status":"closed","ping_status":"closed","sticky":false,"template":"","format":"standard","meta":{"footnotes":""},"categories":[9],"tags":[],"class_list":["post-2949","post","type-post","status-publish","format-standard","has-post-thumbnail","hentry","category-noticias"],"_links":{"self":[{"href":"https:\/\/ceas.org.pe\/index.php\/wp-json\/wp\/v2\/posts\/2949","targetHints":{"allow":["GET"]}}],"collection":[{"href":"https:\/\/ceas.org.pe\/index.php\/wp-json\/wp\/v2\/posts"}],"about":[{"href":"https:\/\/ceas.org.pe\/index.php\/wp-json\/wp\/v2\/types\/post"}],"author":[{"embeddable":true,"href":"https:\/\/ceas.org.pe\/index.php\/wp-json\/wp\/v2\/users\/1"}],"replies":[{"embeddable":true,"href":"https:\/\/ceas.org.pe\/index.php\/wp-json\/wp\/v2\/comments?post=2949"}],"version-history":[{"count":1,"href":"https:\/\/ceas.org.pe\/index.php\/wp-json\/wp\/v2\/posts\/2949\/revisions"}],"predecessor-version":[{"id":6269,"href":"https:\/\/ceas.org.pe\/index.php\/wp-json\/wp\/v2\/posts\/2949\/revisions\/6269"}],"wp:featuredmedia":[{"embeddable":true,"href":"https:\/\/ceas.org.pe\/index.php\/wp-json\/wp\/v2\/media\/8112"}],"wp:attachment":[{"href":"https:\/\/ceas.org.pe\/index.php\/wp-json\/wp\/v2\/media?parent=2949"}],"wp:term":[{"taxonomy":"category","embeddable":true,"href":"https:\/\/ceas.org.pe\/index.php\/wp-json\/wp\/v2\/categories?post=2949"},{"taxonomy":"post_tag","embeddable":true,"href":"https:\/\/ceas.org.pe\/index.php\/wp-json\/wp\/v2\/tags?post=2949"}],"curies":[{"name":"wp","href":"https:\/\/api.w.org\/{rel}","templated":true}]}}