{"id":2948,"date":"2016-09-23T12:46:33","date_gmt":"2016-09-23T12:46:33","guid":{"rendered":""},"modified":"2026-03-11T09:12:00","modified_gmt":"2026-03-11T14:12:00","slug":"vaticano-publico-estatuto-de-la-secretaria-para-la-comunicacion","status":"publish","type":"post","link":"https:\/\/ceas.org.pe\/index.php\/2016\/09\/23\/vaticano-publico-estatuto-de-la-secretaria-para-la-comunicacion\/","title":{"rendered":"Vaticano public\u00f3 Estatuto de la Secretaria para la Comunicaci\u00f3n"},"content":{"rendered":"<p>Se public\u00f3 este 22 de setiembre el Estatuto de la Secretaria para la Comunicaci\u00f3n, (SpC) instituida por el Papa Francisco con el Motu proprio \u201cEl actual contexto comunicativo\u201d en junio del 2015, en el \u00e1mbito de la reforma de la Curia Romana. El nuevo dicasterio vaticano \u2013 se lee en el pre\u00e1mbulo \u2013 responde al \u201cactual contexto comunicativo caracterizado por la presencia y el desarrollo de los \u2018media\u2019 digitales, por los factores de la convergencia y de la interactividad\u201d. Esta nueva situaci\u00f3n comporta una reorganizaci\u00f3n de los organismos vaticanos y de los entes vinculados con la Santa Sede, para su \u201cintegraci\u00f3n y gesti\u00f3n unitaria\u201d. El Estatuto, de car\u00e1cter experimental, tiene una duraci\u00f3n de tres a\u00f1os.<\/p>\n<p>Por la tarde, el Papa mantuvo un encuentro con el Prefecto de la \u00a0Secretaria para la Comunicaci\u00f3n, mons. Dario Edoardo Vigan\u00f2 y con mons. Lucio Adri\u00e1n Ruiz, Secretario del nuevo dicasterio, junto al Consejo para la Comunicaci\u00f3n. Durante el coloquio, caracterizado por la gran cordialidad, el Pont\u00edfice entreg\u00f3 el Estatuto de la Secretaria para la Comunicaci\u00f3n, que regir\u00e1 desde el 1\u00b0 de octubre.<\/p>\n<div>Naturaleza y competencia<\/div>\n<div>El cap\u00edtulo 1 sobre la \u201cnaturaleza y competencia\u201d de la nueva Secretar\u00eda para la Comunicaci\u00f3n remarca el objetivo principal de unificaci\u00f3n de \u201ctodas las realidades de la Santa Sede que se ocupan de la comunicaci\u00f3n, para que todo el sistema responda de manera coherente a las necesidades de la misi\u00f3n evangelizadora de la Iglesia\u201d. Asimismo la SpC acoger\u00e1 en el futuro \u201cotros modelos e innovaciones t\u00e9cnicas y formas de comunicaci\u00f3n\u201d.<\/div>\n<div>\u00a0<\/div>\n<div>Estructura<\/div>\n<div>La estructura de la SpC, que act\u00faa \u201cen colaboraci\u00f3n con los otros \u201cdicasterios competentes\u201d, \u201cen particular con la Secretar\u00eda de Estado\u201d, prev\u00e9 el nombramiento, por parte del Papa, del Prefecto, del Secretario, de los Miembros y los Consejeros, por un per\u00edodo de 5 a\u00f1os. De misma duraci\u00f3n es el cargo de los Directores, tambi\u00e9n ellos nombrados por el Pont\u00edfice, de las cinco Direcciones, \u201cparitarias en el ejercicio de su actividad\u201d, dependientes \u201cdirectamente\u201d del Prefecto, que podr\u00e1 instituir \u201cen base a las exigencias\u201d tambi\u00e9n otras, y del Secretario. \u00a0Corresponde al Consejo de la Secretaria, en la cual participan el Prefecto, el Secretario, los Directores y Vicedirectores, \u201claborar las l\u00edneas gu\u00eda generales\u201d del Dicasterio. El Prefecto puede asimismo proponer la instituci\u00f3n de \u201cotras entidades\u201d y \u201centes vinculados a la Santa Sede\u201d por \u201cparticulares exigencias de naturaleza jur\u00eddica, editorial o econ\u00f3mica\u201d. Podr\u00e1 adem\u00e1s dotar de \u201cservicios aut\u00f3nomos\u201d a las Direcciones.<\/div>\n<div>\u00a0<\/div>\n<div>Direcci\u00f3n para los Asuntos Generales<\/div>\n<div>Compete a la Direcci\u00f3n para los Asuntos Generales, bajo la gu\u00eda del Secretario: \u201cel cuidado y la gesti\u00f3n de los asuntos comunes\u201d; \u201cla administraci\u00f3n, la organizaci\u00f3n y la formaci\u00f3n de los recursos humanos\u201d, \u201cla administraci\u00f3n, el control de gesti\u00f3n y el desarrollo de los procesos internos\u201d, \u201clos asuntos legales\u201d, \u201cla administraci\u00f3n de las actividades t\u00e9cnico-productivas\u201d, \u201cla coordinaci\u00f3n de las iniciativas y de las participaciones de car\u00e1cter internacional\u201d.<\/div>\n<div>\u00a0<\/div>\n<div>Direcci\u00f3n Editorial<\/div>\n<div>La Direcci\u00f3n Editorial decide: \u201cla orientaci\u00f3n y la coordinaci\u00f3n de todas las l\u00edneas editoriales\u201d; \u201cel desarrollo estrat\u00e9gico de las nuevas formas de comunicaci\u00f3n\u201d; \u201cla integraci\u00f3n eficaz de los medios de comunicaci\u00f3n tradicionales con el mundo digital\u201d.<\/div>\n<div>Direcci\u00f3n de la Oficina de Prensa<\/div>\n<div>Competencias de la Direcci\u00f3n de la Oficina de Prensa son: \u201cpublicar y divulgar las comunicaciones oficiales\u201d sobre las actividades del Papa y de la Santa Sede, \u201cobservando las indicaciones de la Secretar\u00eda de Estado\u201d; \u201chospedar y moderar conferencias de prensa y encuentros\u201d; \u201cresponder de manera oficial a las preguntas de los periodistas\u201d, \u201cdespu\u00e9s de haber consultado la Secretar\u00eda de Estado\u201d.<\/div>\n<div>\u00a0<\/div>\n<div>Direcci\u00f3n Tecnol\u00f3gica<\/div>\n<div>La Direcci\u00f3n Tecnol\u00f3gica administra de manera integral las plataformas y los servicios tecnol\u00f3gicos \u201cen sost\u00e9n de la evoluci\u00f3n de los medios de comunicaci\u00f3n de la Santa Sede\u201d \u00a0para estar \u201cal paso con la actualizaci\u00f3n tecnol\u00f3gica global, proyectando tambi\u00e9n \u201cnuevos servicios\u201d y desarrollando \u201caquellos existentes\u201d, \u201cen relaci\u00f3n con las diferentes condiciones de desarrollo de las Iglesias particulares\u201d.<\/div>\n<div>\u00a0<\/div>\n<div>Direcci\u00f3n Teol\u00f3gica Pastoral<\/div>\n<div>La Direcci\u00f3n Teol\u00f3gica Pastoral elabora \u201cuna visi\u00f3n teol\u00f3gica de la comunicaci\u00f3n a la cual conformar el contenido de los que se comunica\u201d; promociona \u201clas actividades pastorales del Romano Pont\u00edfice en palabras e im\u00e1genes\u201d y la formaci\u00f3n teol\u00f3gica-pastoral, \u201ctejiendo una red con las Iglesias particulares y con las asociaciones cat\u00f3licas\u201d en el campo de la comunicaci\u00f3n; sensibiliza al pueblo cristiano para que tome conciencia de la \u201cimportancia de los medios de comunicaci\u00f3n, en la promoci\u00f3n del mensaje cristiano y del bien com\u00fan\u201d.<\/div>\n<div>\u00a0<\/div>\n<div>Personal y Oficinas<\/div>\n<div>El personal y los especialistas externos \u201cson elegidos entre personas de comprobada reputaci\u00f3n, libres de todo conflicto de inter\u00e9s y dotadas de un adecuado nivel de formaci\u00f3n y experiencia profesional\u201d. \u201cCada conflicto de inter\u00e9s que surgiera durante su mandato, debe darse a conocer y deben adoptarse medidas id\u00f3neas para resolverlo\u201d. \u201cPara el nombramiento, asunci\u00f3n y empleo del personal se observar\u00e1 el Reglamento General de la Curia Romana\u201d, el \u201cReglamento del Propio Dicasterio\u201d y \u201cotras disposiciones de la Sede Apost\u00f3lica\u201d.<\/div>\n<div>\u00a0<\/div>\n<div>Documentos y datos<\/div>\n<div>Todos los documentos, los datos y las informaciones que posee la SpC \u201cson usados \u00fanicamente para los objetivos previsto por la ley; protegidos de tal manera que garanticen su seguridad, integridad y confidencialidad, protegidos por el secreto profesional\u201d.<\/div>\n<div>\u00a0<\/div>\n<div>Archivo<\/div>\n<div>La SpC tiene un \u201carchivista responsable\u201d de la conservaci\u00f3n de los archivos de la misma Secretar\u00eda que deber\u00e1n ser custodiados en un lugar seguro dentro del Estado de la Ciudad del Vaticano o en una zona extraterritorial vaticana\u201d. Corresponde al Prefecto fijar las \u201cdirectivas y criterios para garantizar la custodia \u00f3ptima y conservaci\u00f3n de los documentos\u201d (incluso audiovisuales y sonoros, en formato anal\u00f3gico e\/o digital\u201d de \u201cimportancia legal e hist\u00f3rica\u201d, en consultaci\u00f3n con la Comisi\u00f3n Central para los Archivos de la Santa Sede.<\/div>\n<div>\u00a0<\/div>\n<div>El idioma de trabajo de la Secretar\u00eda para la Comunicaci\u00f3n es el italiano.<\/div>\n<div>Norma transitoria<\/div>\n<div>El Estatuto se concluye con una \u201cnorma transitoria\u201d en donde se reiteran \u2013 como ya indicado en el Motu proprio \u2013 los organismos destinado a confluir en la Secretar\u00eda para la Comunicaci\u00f3n, es decir: el Pontificio Consejo de las Comunicaciones Sociales, la Sala de Prensa de la Santa Sede, el Servicio Internet Vaticano, la Radio Vaticana, el Centro Televisivo Vaticano, L\u2019Osservatore Romano, la Tipograf\u00eda Vaticana, el Servicio Fotogr\u00e1fico y la Librer\u00eda Editorial Vaticana. La Secretaria para la Comunicaci\u00f3n se encargar\u00e1 asimismo del sitio web institucional de la Santa Sede y asumir\u00e1 la titularidad de las gesti\u00f3n, en las redes sociales, de la presencia del Papa.<\/div>\n<div>\u00a0<\/div>\n<div>Todos estos organismos proseguir\u00e1n en sus actividades, observando las normas vigentes, pero \u201crespetando las indicaciones dadas por el Prefecto, hasta la fecha en la cual confluir\u00e1n en la Secretar\u00eda para la Comunicaci\u00f3n\u201d momento en el cual dichas normas \u201cser\u00e1n abrogadas\u201d. En el proceso de integraci\u00f3n, los diversos organismos involucrados observar\u00e1n los Reglamentos, las directivas u otras disposiciones que ser\u00e1n emanadas por la SpC, \u201cen el marco de las normas generales de la Santa Sede y en el respeto de los derechos adquiridos por los empleados\u201d.<\/div>\n<div>\u00a0<\/div>\n<div>Fuente: radiovaticano<\/div>\n<p><a href=\"http:\/\/web.hilo.org.pe\/wp-content\/uploads\/20160923_Publicado el Estatuto de la Secretaria para la Comunicacion.jpg\" target=\"_blank\" rel=\"noopener\">Ver archivo adjunto<\/a><\/p>\n","protected":false},"excerpt":{"rendered":"<p>Se public? este 22 de setiembre el Estatuto de la Secretaria para la Comunicaci?n, (SpC) instituida por el Papa Francisco con el Motu proprio ?El actual contexto comunicativo? en junio del 2015, en el ?mbito de la reforma de la Curia Romana.<\/p>\n","protected":false},"author":1,"featured_media":7931,"comment_status":"closed","ping_status":"closed","sticky":false,"template":"","format":"standard","meta":{"footnotes":""},"categories":[9],"tags":[],"class_list":["post-2948","post","type-post","status-publish","format-standard","has-post-thumbnail","hentry","category-noticias"],"_links":{"self":[{"href":"https:\/\/ceas.org.pe\/index.php\/wp-json\/wp\/v2\/posts\/2948","targetHints":{"allow":["GET"]}}],"collection":[{"href":"https:\/\/ceas.org.pe\/index.php\/wp-json\/wp\/v2\/posts"}],"about":[{"href":"https:\/\/ceas.org.pe\/index.php\/wp-json\/wp\/v2\/types\/post"}],"author":[{"embeddable":true,"href":"https:\/\/ceas.org.pe\/index.php\/wp-json\/wp\/v2\/users\/1"}],"replies":[{"embeddable":true,"href":"https:\/\/ceas.org.pe\/index.php\/wp-json\/wp\/v2\/comments?post=2948"}],"version-history":[{"count":1,"href":"https:\/\/ceas.org.pe\/index.php\/wp-json\/wp\/v2\/posts\/2948\/revisions"}],"predecessor-version":[{"id":6270,"href":"https:\/\/ceas.org.pe\/index.php\/wp-json\/wp\/v2\/posts\/2948\/revisions\/6270"}],"wp:featuredmedia":[{"embeddable":true,"href":"https:\/\/ceas.org.pe\/index.php\/wp-json\/wp\/v2\/media\/7931"}],"wp:attachment":[{"href":"https:\/\/ceas.org.pe\/index.php\/wp-json\/wp\/v2\/media?parent=2948"}],"wp:term":[{"taxonomy":"category","embeddable":true,"href":"https:\/\/ceas.org.pe\/index.php\/wp-json\/wp\/v2\/categories?post=2948"},{"taxonomy":"post_tag","embeddable":true,"href":"https:\/\/ceas.org.pe\/index.php\/wp-json\/wp\/v2\/tags?post=2948"}],"curies":[{"name":"wp","href":"https:\/\/api.w.org\/{rel}","templated":true}]}}