{"id":2947,"date":"2016-09-23T12:41:22","date_gmt":"2016-09-23T12:41:22","guid":{"rendered":""},"modified":"2026-03-11T09:12:00","modified_gmt":"2026-03-11T14:12:00","slug":"conferencias-episcopales-de-europa-tratan-problemotica-de-los-refugiados","status":"publish","type":"post","link":"https:\/\/ceas.org.pe\/index.php\/2016\/09\/23\/conferencias-episcopales-de-europa-tratan-problemotica-de-los-refugiados\/","title":{"rendered":"Conferencias Episcopales de Europa tratan problem\u00f3tica de los refugiados"},"content":{"rendered":"<p>Analizar, estudiar y actuar sobre los desaf\u00edos que encuentran los refugiados durante su proceso de integraci\u00f3n, ser\u00e1 el tema principal que se tratar\u00e1 en el Encuentro de los obispos y delegados responsables de la pastoral de \u00a0inmigraci\u00f3n de las Conferencias Episcopales de Europa que se celebra en Madrid el 26-27 de septiembre.<\/p>\n<p>Los participantes del encuentro, que est\u00e1 organizado por el Consejo de Conferencias Episcopales de Europa (CCEE) \u00a0y por la COMECE, se actualizar\u00e1n sobre las pol\u00edticas europeas referidas a la integraci\u00f3n y se centrar\u00e1n en las distintas dimensiones de la integraci\u00f3n, particularmente en la dimensi\u00f3n pastoral, ya sea desde la perspectiva del que llega como del que acoge: desde la b\u00fasqueda de un trabajo y de la casa, a la educaci\u00f3n de los ni\u00f1os y la experiencia personal y comunitaria de su propia religi\u00f3n, como tambi\u00e9n la relaci\u00f3n entre los inmigrantes ya integrados y los reci\u00e9n llegados.<\/p>\n<div>Seg\u00fan explica Mons. Duarte da Cunha, Secretario General del Consilium Conferentiarium Episcoporum Europae, los participantes del encuentro dar\u00e1n a conocer las dificultades que se encuentran tantos las personas que llegan como las que reciben, \u201ccuando se afronta el fen\u00f3meno de la migraci\u00f3n es necesario responder no s\u00f3lo a los desaf\u00edos en t\u00e9rminos de caridad hacia las personas que escapan de zonas de guerra o de situaciones de completa inestabilidad pol\u00edtica y social; es importante tambi\u00e9n afrontar las diferentes etapas de la integraci\u00f3n: desde la asistencia humanitaria al reasentamiento en un pa\u00eds extranjero\u201d.<\/div>\n<div>\u00a0<\/div>\n<div>La primera jornada de trabajo finalizar\u00e1 con la celebraci\u00f3n de la Eucarist\u00eda en la Parroquia \u201cSanta Mar\u00eda del Silencio\u201d, junto a una delegaci\u00f3n diocesana de la pastoral de los inmigrantes de Madrid, presidida por el arzobispo de la ciudad, S. E. Mons. Carlos Osoro Sierra.<\/div>\n<div>\u00a0<\/div>\n<div>Los trabajos se concluir\u00e1n la ma\u00f1ana del martes 27 de septiembre con la celebraci\u00f3n de la Eucarist\u00eda en la sede de la Conferencia Episcopal Espa\u00f1ola, presidida por su presidente, el Cardenal Ricardo Bl\u00e1zquez P\u00e9rez, habiendo previamente afrontado y discutido algunos temas, siempre actual, como: la trata de seres humanos (el trabajo del Santa Marta Group) y la presencia de inmigrantes chinos en Europa. Ser\u00e1 tambi\u00e9n una oportunidad para intercambiar experiencias y dificultades encontradas en el acompa\u00f1amiento social y pastoral de los inmigrantes como tambi\u00e9n en el cuidado pastoral de quienes deciden emigrar.<\/div>\n<div>\u00a0<\/div>\n<div>Fuente: radiovaticana<\/div>\n<p><a href=\"http:\/\/web.hilo.org.pe\/wp-content\/uploads\/Conferencias Episcopales de Europa.jpg\" target=\"_blank\" rel=\"noopener\">Ver archivo adjunto<\/a><\/p>\n","protected":false},"excerpt":{"rendered":"<p>Analizar, estudiar y actuar sobre los desaf?os que encuentran los refugiados durante su proceso de integraci?n, ser? el tema principal que se tratar? en el Encuentro de los obispos y delegados responsables de la pastoral de  inmigraci?n de las Conferencias Episcopales de Europa que se celebra en Madrid el 26-27 de septiembre.<\/p>\n","protected":false},"author":1,"featured_media":5502,"comment_status":"closed","ping_status":"closed","sticky":false,"template":"","format":"standard","meta":{"footnotes":""},"categories":[9],"tags":[],"class_list":["post-2947","post","type-post","status-publish","format-standard","has-post-thumbnail","hentry","category-noticias"],"_links":{"self":[{"href":"https:\/\/ceas.org.pe\/index.php\/wp-json\/wp\/v2\/posts\/2947","targetHints":{"allow":["GET"]}}],"collection":[{"href":"https:\/\/ceas.org.pe\/index.php\/wp-json\/wp\/v2\/posts"}],"about":[{"href":"https:\/\/ceas.org.pe\/index.php\/wp-json\/wp\/v2\/types\/post"}],"author":[{"embeddable":true,"href":"https:\/\/ceas.org.pe\/index.php\/wp-json\/wp\/v2\/users\/1"}],"replies":[{"embeddable":true,"href":"https:\/\/ceas.org.pe\/index.php\/wp-json\/wp\/v2\/comments?post=2947"}],"version-history":[{"count":1,"href":"https:\/\/ceas.org.pe\/index.php\/wp-json\/wp\/v2\/posts\/2947\/revisions"}],"predecessor-version":[{"id":6271,"href":"https:\/\/ceas.org.pe\/index.php\/wp-json\/wp\/v2\/posts\/2947\/revisions\/6271"}],"wp:featuredmedia":[{"embeddable":true,"href":"https:\/\/ceas.org.pe\/index.php\/wp-json\/wp\/v2\/media\/5502"}],"wp:attachment":[{"href":"https:\/\/ceas.org.pe\/index.php\/wp-json\/wp\/v2\/media?parent=2947"}],"wp:term":[{"taxonomy":"category","embeddable":true,"href":"https:\/\/ceas.org.pe\/index.php\/wp-json\/wp\/v2\/categories?post=2947"},{"taxonomy":"post_tag","embeddable":true,"href":"https:\/\/ceas.org.pe\/index.php\/wp-json\/wp\/v2\/tags?post=2947"}],"curies":[{"name":"wp","href":"https:\/\/api.w.org\/{rel}","templated":true}]}}