{"id":2946,"date":"2016-09-22T11:34:24","date_gmt":"2016-09-22T11:34:24","guid":{"rendered":""},"modified":"2026-03-11T09:12:00","modified_gmt":"2026-03-11T14:12:00","slug":"que-el-periodismo-favorezca-la-cultura-del-encuentro-exhorta-francisco","status":"publish","type":"post","link":"https:\/\/ceas.org.pe\/index.php\/2016\/09\/22\/que-el-periodismo-favorezca-la-cultura-del-encuentro-exhorta-francisco\/","title":{"rendered":"Que el periodismo favorezca la cultura del encuentro, exhorta Francisco"},"content":{"rendered":"<p>Amar la verdad, vivir con profesionalidad y respetar la dignidad humana: sobre estos tres elementos fundamentales se centr\u00f3 la reflexi\u00f3n que el Papa Francisco comparti\u00f3 con los 400 periodistas del Consejo italiano Nacional de la Orden de los \u00a0Periodistas, a quienes recibi\u00f3 en audiencia en la Sala Clementina, este jueves 22 de setiembre.<\/p>\n<div>En su discurso el Pont\u00edfice destac\u00f3 el \u201cpapel de gran importancia y de gran responsabilidad que recubre el periodista en la sociedad\u201d, ya que de alguna manera, dijo, \u201custedes escriben el primer \u2018borrador\u2019 de la historia, a trav\u00e9s de la construcci\u00f3n de la agenda de las noticias e introduciendo a las personas en la interpretaci\u00f3n de los eventos\u201d. Por ello, el Obispo de Roma asegur\u00f3 que no obstante los tiempos cambian y cambia tambi\u00e9n el modo de hacer periodismo, \u201clos periodistas, cuando tienen profesionalidad son siempre un columna portante, elemento fundamental para la vitalidad de una sociedad libre y pluralista\u201d. Y record\u00f3 que tambi\u00e9n la Santa Sede ante estos cambios en los medios de comunicaci\u00f3n, \u201cest\u00e1 viviendo un proceso de renovaci\u00f3n del sistema comunicativo\u201d.<\/div>\n<div>\u00a0<\/div>\n<div>\u201cHoy, &#8211; les dijo &#8211; \u00a0quisiera compartir con ustedes una reflexi\u00f3n sobre algunos aspectos de la profesi\u00f3n period\u00edstica, porque \u201cpara todos nosotros es indispensable detenernos a reflexionar sobre lo que estamos haciendo y sobre c\u00f3mo lo estamos haciendo\u201d.<\/div>\n<div>Centr\u00e1ndose en tres elementos fundamentales de reflexi\u00f3n, Amar la verdad, vivir con profesionalidad y respetar la dignidad humana, Francisco explic\u00f3 que \u00a0amar la \u00a0verdad, significa vivir la verdad y dar testimonio con el propio trabajo; \u201cy aqu\u00ed \u2013 remarc\u00f3 \u2013 la cuesti\u00f3n no es ser o no ser creyente sino se honesto con s\u00ed mismo y con los dem\u00e1s\u201d.<\/div>\n<div>\u00a0<\/div>\n<div>Vivir con profesionalidad, significa, en primer lugar,\u201ccomprender el sentido profundo del proprio trabajo\u201d y \u201cno someter la propia profesi\u00f3n a las l\u00f3gicas de los intereses partidarios, econ\u00f3micos o pol\u00edticos\u201d. \u201cVocaci\u00f3n del periodismo\u201d, afirm\u00f3 el Papa, es \u201chacer crecer la dimensi\u00f3n social del hombre y construir una verdadera ciudadan\u00eda\u201d. De ah\u00ed su llamado a \u201ccuidar uno de los arquitrabes de la estructura de una sociedad democr\u00e1tica\u201d.<\/div>\n<div>\u00a0<\/div>\n<div>Por \u00faltimo, respetar la dignidad humana, porque detr\u00e1s de un simple relato, \u201cest\u00e1 siempre la vida de las personas\u201d. Y la voz de los periodistas puede alcanzar a todos y \u00e9sta, asegur\u00f3, es un arma muy potente. \u00a0\u201cEl periodismo \u2013 concluy\u00f3 el Papa \u2013 no puede transformarse en un arma de destrucci\u00f3n de personas e incluso de pueblos\u201d.<\/div>\n<div>Finalmente, de los labios del Santo Padre el deseo de que cada vez m\u00e1s y por todos lados, \u201cel periodismo sea un instrumento de construcci\u00f3n, un factor de bien com\u00fan, un acelerador de procesos de reconciliaci\u00f3n que sepa rechazar la tentaci\u00f3n de fomentar el choque, con un lenguaje que sople sobre el fuego de las divisiones, y m\u00e1s bien favorezca la cultura del encuentro\u201d.<\/div>\n<div>\u00a0<\/div>\n<div>Fuente: radiovaticano<\/div>\n<p><a href=\"http:\/\/web.hilo.org.pe\/wp-content\/uploads\/20160922_Papa a losperiodistas.jpg\" target=\"_blank\" rel=\"noopener\">Ver archivo adjunto<\/a><\/p>\n","protected":false},"excerpt":{"rendered":"<p>\u00a0Amar la verdad, vivir con profesionalidad y respetar la dignidad humana: sobre estos tres elementos fundamentales se centr\u00f3 la reflexi\u00f3n que el Papa Francisco comparti\u00f3 con los 400 periodistas del Consejo italiano Nacional de la Orden de los \u00a0Periodistas, a quienes recibi\u00f3 en audiencia en la Sala Clementina, este jueves 22 de setiembre.<\/p>\n","protected":false},"author":1,"featured_media":7862,"comment_status":"closed","ping_status":"closed","sticky":false,"template":"","format":"standard","meta":{"footnotes":""},"categories":[9],"tags":[],"class_list":["post-2946","post","type-post","status-publish","format-standard","has-post-thumbnail","hentry","category-noticias"],"_links":{"self":[{"href":"https:\/\/ceas.org.pe\/index.php\/wp-json\/wp\/v2\/posts\/2946","targetHints":{"allow":["GET"]}}],"collection":[{"href":"https:\/\/ceas.org.pe\/index.php\/wp-json\/wp\/v2\/posts"}],"about":[{"href":"https:\/\/ceas.org.pe\/index.php\/wp-json\/wp\/v2\/types\/post"}],"author":[{"embeddable":true,"href":"https:\/\/ceas.org.pe\/index.php\/wp-json\/wp\/v2\/users\/1"}],"replies":[{"embeddable":true,"href":"https:\/\/ceas.org.pe\/index.php\/wp-json\/wp\/v2\/comments?post=2946"}],"version-history":[{"count":1,"href":"https:\/\/ceas.org.pe\/index.php\/wp-json\/wp\/v2\/posts\/2946\/revisions"}],"predecessor-version":[{"id":6272,"href":"https:\/\/ceas.org.pe\/index.php\/wp-json\/wp\/v2\/posts\/2946\/revisions\/6272"}],"wp:featuredmedia":[{"embeddable":true,"href":"https:\/\/ceas.org.pe\/index.php\/wp-json\/wp\/v2\/media\/7862"}],"wp:attachment":[{"href":"https:\/\/ceas.org.pe\/index.php\/wp-json\/wp\/v2\/media?parent=2946"}],"wp:term":[{"taxonomy":"category","embeddable":true,"href":"https:\/\/ceas.org.pe\/index.php\/wp-json\/wp\/v2\/categories?post=2946"},{"taxonomy":"post_tag","embeddable":true,"href":"https:\/\/ceas.org.pe\/index.php\/wp-json\/wp\/v2\/tags?post=2946"}],"curies":[{"name":"wp","href":"https:\/\/api.w.org\/{rel}","templated":true}]}}