{"id":2945,"date":"2016-09-22T10:29:47","date_gmt":"2016-09-22T10:29:47","guid":{"rendered":""},"modified":"2026-03-11T09:12:00","modified_gmt":"2026-03-11T14:12:00","slug":"religiosos-y-religiosas-se-reonen-en-encuentro-confer-sur-2016","status":"publish","type":"post","link":"https:\/\/ceas.org.pe\/index.php\/2016\/09\/22\/religiosos-y-religiosas-se-reonen-en-encuentro-confer-sur-2016\/","title":{"rendered":"Religiosos y religiosas se re\u00f3nen en encuentro CONFER Sur 2016"},"content":{"rendered":"<div>Del 23 al 25 de septiembre, nuestra arquidi\u00f3cesis ser\u00e1 sede del Encuentro CONFER Sur 2016, que anualmente es organizado por la Conferencia de Religiosos del Per\u00fa y cuyo lema para este a\u00f1os es: \u201cVida Consagrada: vivir y comunicar la misericordia del Padre\u201d.<\/div>\n<div>\u00a0<\/div>\n<div>El encuentro tendr\u00e1 lugar en la casa de retiro \u201cSanta Luisa\u201d en Chilina, donde religiosos y religiosas compartir\u00e1n momentos de oraci\u00f3n y reflexi\u00f3n sobre la Misericordia del Padre en concordancia al Jubileo Extraordinario de la Misericordia que se vive en la Iglesia universal.<\/div>\n<div>\u00a0<\/div>\n<div>Mons. Javier Del R\u00edo Alba, Arzobispo de Arequipa y Mons. Jorge Izaguirre, Obispo de Chuquibamaba estar\u00e1n a cargo de las ponencias, manifest\u00f3 la Hna. Yolanda Lavado Mayorca, Presidenta del Equipo CONFER de nuestra ciudad, quien adem\u00e1s manifest\u00f3 que las inscripciones ya iniciaron a trav\u00e9s de los siguientes correos: mostapaulin@yahoo.com \/ yolamrmi@gmail.com<\/div>\n<div>\u00a0<\/div>\n<div>Tambi\u00e9n se realizar\u00e1 un espacio de compartir fraterno con la noche de talentos, en la que las diversas congregaciones provenientes de Cuzco, Juli-Puno, Sicuani, Tacna-Moquegua, Caravel\u00ed, Caman\u00e1 y Arequipa dar\u00e1n a conocer el carisma y apostolado que llevan adelante en la Iglesia y ciudades de esta zona sur del Per\u00fa. Finalmente, la Hna. Yolanda Lavado, anim\u00f3 a todos los consagrados y consagradas a participar en este encuentro dentro de un camino de formaci\u00f3n permanente para reavivar el don de seguimiento al Se\u00f1or y entrega a los hermanos.<\/div>\n<div>\u00a0<\/div>\n<div>(Fuente: Arzobispado de Arequipa)<\/div>\n<p><a href=\"http:\/\/web.hilo.org.pe\/wp-content\/uploads\/Encuentroconfer.jpg\" target=\"_blank\" rel=\"noopener\">Ver archivo adjunto<\/a><\/p>\n","protected":false},"excerpt":{"rendered":"<p>Del 23 al 25 de septiembre, nuestra arquidi?cesis ser? sede del Encuentro CONFER Sur 2016, que anualmente es organizado por la Conferencia de Religiosos del Per? y cuyo lema para este a?os es: ?Vida Consagrada: vivir y comunicar la misericordia del Padre?.<\/p>\n","protected":false},"author":1,"featured_media":7862,"comment_status":"closed","ping_status":"closed","sticky":false,"template":"","format":"standard","meta":{"footnotes":""},"categories":[9],"tags":[],"class_list":["post-2945","post","type-post","status-publish","format-standard","has-post-thumbnail","hentry","category-noticias"],"_links":{"self":[{"href":"https:\/\/ceas.org.pe\/index.php\/wp-json\/wp\/v2\/posts\/2945","targetHints":{"allow":["GET"]}}],"collection":[{"href":"https:\/\/ceas.org.pe\/index.php\/wp-json\/wp\/v2\/posts"}],"about":[{"href":"https:\/\/ceas.org.pe\/index.php\/wp-json\/wp\/v2\/types\/post"}],"author":[{"embeddable":true,"href":"https:\/\/ceas.org.pe\/index.php\/wp-json\/wp\/v2\/users\/1"}],"replies":[{"embeddable":true,"href":"https:\/\/ceas.org.pe\/index.php\/wp-json\/wp\/v2\/comments?post=2945"}],"version-history":[{"count":1,"href":"https:\/\/ceas.org.pe\/index.php\/wp-json\/wp\/v2\/posts\/2945\/revisions"}],"predecessor-version":[{"id":6273,"href":"https:\/\/ceas.org.pe\/index.php\/wp-json\/wp\/v2\/posts\/2945\/revisions\/6273"}],"wp:featuredmedia":[{"embeddable":true,"href":"https:\/\/ceas.org.pe\/index.php\/wp-json\/wp\/v2\/media\/7862"}],"wp:attachment":[{"href":"https:\/\/ceas.org.pe\/index.php\/wp-json\/wp\/v2\/media?parent=2945"}],"wp:term":[{"taxonomy":"category","embeddable":true,"href":"https:\/\/ceas.org.pe\/index.php\/wp-json\/wp\/v2\/categories?post=2945"},{"taxonomy":"post_tag","embeddable":true,"href":"https:\/\/ceas.org.pe\/index.php\/wp-json\/wp\/v2\/tags?post=2945"}],"curies":[{"name":"wp","href":"https:\/\/api.w.org\/{rel}","templated":true}]}}