{"id":2944,"date":"2016-09-20T18:18:36","date_gmt":"2016-09-20T18:18:36","guid":{"rendered":""},"modified":"2026-03-11T09:12:00","modified_gmt":"2026-03-11T14:12:00","slug":"el-papa-en-asos-una-vela-encendida-por-cada-paos-en-conflicto","status":"publish","type":"post","link":"https:\/\/ceas.org.pe\/index.php\/2016\/09\/20\/el-papa-en-asos-una-vela-encendida-por-cada-paos-en-conflicto\/","title":{"rendered":"El Papa en As\u00f3s: una vela encendida por cada pa\u00f3s en conflicto"},"content":{"rendered":"<p>Despu\u00e9s del almuerzo, al inicio de la tarde, los representantes de las diversas religiones reunidos en As\u00eds: jud\u00edos, musulmanes y de religiones orientales, rezaron al mismo tiempo pero en lugares diversos.<\/p>\n<div>\u00a0<\/div>\n<div>Los cristianos se reunieron en la bas\u00edlica inferior de San Francisco, cerca de la tumba del santo para una oraci\u00f3n ecum\u00e9nica, en la cual fueron nombrados todos los pa\u00edses en conflicto y por cada uno de ellos fue encendida una vela. Entre las casi treinta encendidas, figuraron guerras como la de Siria o Irak, pero tambi\u00e9n lugares en donde hay violencia, como en M\u00e9xico debido al narcotr\u00e1fico, y en Venezuela por la crisis pol\u00edtica.<\/div>\n<div>\u00a0<\/div>\n<div>As\u00eds, judios en oraci\u00f3n en un claustro del convento<\/div>\n<div>El papa Francisco record\u00f3 que en el \u2018Tengo sed\u2019 de Jes\u00fas en la cruz, podemos escuchar la voz de los que sufren, el grito escondido de los peque\u00f1os inocentes a quienes se les ha negado la luz de este mundo, la s\u00faplica angustiada de los pobres y de los m\u00e1s necesitados de paz. Imploran la paz las v\u00edctimas de las guerras, las cuales contaminan los pueblos con el odio y la Tierra con las armas; imploran la paz nuestros hermanos y hermanas que viven bajo la amenaza de los bombardeos o son obligados a dejar su casa y a emigrar hacia lo desconocido, despojados de todo.<\/div>\n<div>\u00a0<\/div>\n<div>El arzobispo de Westminster, Justin Welby en su meditaci\u00f3n indic\u00f3 que \u201ctodos tenemos que beber cada d\u00eda de la misericordia de Dios, para vencer nuestro pecado nuestra rabia, para expresar la misericordia hacia los otros.<\/div>\n<div>\u00a0<\/div>\n<div>As\u00eds, musulmanes en oraci\u00f3n<\/div>\n<div>Ilustr\u00f3 la riqueza como un dinero falso en un juego de los ni\u00f1os, porque en la econom\u00eda divina el dinero no vale nada y se\u00f1al\u00f3 que a pesar del progreso en Europa, existe miedo de los extranjeros y dificultades econ\u00f3micas. Precis\u00f3 que en cambio Dios nos ofrece riquezas reales, que dan verdadera satisfacci\u00f3n.<\/div>\n<div>\u00a0<\/div>\n<div>\u201cSomos llamados a ser la voz de Cristo \u2013concluy\u00f3\u2013 para los que no tienen esperanza, en un mundo de sequ\u00eda y desesperaci\u00f3n, dando con magn\u00edfica generosidad lo que hemos recibido en su misericordia llena de gracia\u201d.<\/div>\n<div>\u00a0<\/div>\n<div>El patriarca de Constantinopla, Bartolom\u00e9 I, se\u00f1al\u00f3 en su meditaci\u00f3n, la necesidad de \u201cescuchar el grito de Dios hacia la humanidad y escuchar el grito de nuestro pr\u00f3jimo\u201d. \u201c\u00bfQu\u00e9 palabra de paz podremos ofrecer al otro, al diverso, al lejano, al desconocido si aquella palabra de paz no ser\u00e1 una real experiencia de comuni\u00f3n con la Luz Radiosa de la Ma\u00f1ana?\u201d, dijo. Y se\u00f1al\u00f3 la necesidad de convertirnos, la capacidad de cambiar ruta, que no puede haber conversi\u00f3n si no se escucha, y de la necesidad de que el testimonio cristiano sea prof\u00e9tico, y para ello debe realizarse en comuni\u00f3n.<\/div>\n<div>\u00a0<\/div>\n<div>A la salida de esta ceremonia ecum\u00e9nica fue el acto final que se celebr\u00f3 en la plaza san Francisco.<\/div>\n<div>\u00a0<\/div>\n<div>Fuente: zenit.org<\/div>\n<p><a href=\"http:\/\/web.hilo.org.pe\/wp-content\/uploads\/Una vela encendidapor cada pais.jpg\" target=\"_blank\" rel=\"noopener\">Ver archivo adjunto<\/a><\/p>\n","protected":false},"excerpt":{"rendered":"<p>Despu?s del almuerzo, al inicio de la tarde, los representantes de las diversas religiones reunidos en As?s: jud?os, musulmanes y de religiones orientales, rezaron al mismo tiempo pero en lugares diversos.<\/p>\n","protected":false},"author":1,"featured_media":7874,"comment_status":"closed","ping_status":"closed","sticky":false,"template":"","format":"standard","meta":{"footnotes":""},"categories":[9],"tags":[],"class_list":["post-2944","post","type-post","status-publish","format-standard","has-post-thumbnail","hentry","category-noticias"],"_links":{"self":[{"href":"https:\/\/ceas.org.pe\/index.php\/wp-json\/wp\/v2\/posts\/2944","targetHints":{"allow":["GET"]}}],"collection":[{"href":"https:\/\/ceas.org.pe\/index.php\/wp-json\/wp\/v2\/posts"}],"about":[{"href":"https:\/\/ceas.org.pe\/index.php\/wp-json\/wp\/v2\/types\/post"}],"author":[{"embeddable":true,"href":"https:\/\/ceas.org.pe\/index.php\/wp-json\/wp\/v2\/users\/1"}],"replies":[{"embeddable":true,"href":"https:\/\/ceas.org.pe\/index.php\/wp-json\/wp\/v2\/comments?post=2944"}],"version-history":[{"count":1,"href":"https:\/\/ceas.org.pe\/index.php\/wp-json\/wp\/v2\/posts\/2944\/revisions"}],"predecessor-version":[{"id":6274,"href":"https:\/\/ceas.org.pe\/index.php\/wp-json\/wp\/v2\/posts\/2944\/revisions\/6274"}],"wp:featuredmedia":[{"embeddable":true,"href":"https:\/\/ceas.org.pe\/index.php\/wp-json\/wp\/v2\/media\/7874"}],"wp:attachment":[{"href":"https:\/\/ceas.org.pe\/index.php\/wp-json\/wp\/v2\/media?parent=2944"}],"wp:term":[{"taxonomy":"category","embeddable":true,"href":"https:\/\/ceas.org.pe\/index.php\/wp-json\/wp\/v2\/categories?post=2944"},{"taxonomy":"post_tag","embeddable":true,"href":"https:\/\/ceas.org.pe\/index.php\/wp-json\/wp\/v2\/tags?post=2944"}],"curies":[{"name":"wp","href":"https:\/\/api.w.org\/{rel}","templated":true}]}}