{"id":2943,"date":"2016-09-20T10:40:26","date_gmt":"2016-09-20T10:40:26","guid":{"rendered":""},"modified":"2026-03-11T09:12:00","modified_gmt":"2026-03-11T14:12:00","slug":"la-santa-sede-estaro-presente-en-acto-de-firma-del-acuerdo-de-paz-en-colombia","status":"publish","type":"post","link":"https:\/\/ceas.org.pe\/index.php\/2016\/09\/20\/la-santa-sede-estaro-presente-en-acto-de-firma-del-acuerdo-de-paz-en-colombia\/","title":{"rendered":"La Santa Sede estar\u00f3 presente en acto de firma del Acuerdo de Paz en Colombia"},"content":{"rendered":"<p>El Secretario de Estado del Vaticano, Cardenal Pietro Parolin, viajar\u00e1 a Cartagena de Indias (Colombia) el pr\u00f3ximo 26 de septiembre con motivo de la firma del \u00abAcuerdo Final para la Terminaci\u00f3n del Conflicto y la Construcci\u00f3n de una Paz estable y duradera\u00bb, alcanzado por el Gobierno colombiano y la guerrilla Fuerzas Armadas Revolucionarias de Colombia (FARC). As\u00ed inform\u00f3 el mediod\u00eda de este lunes 19 de septiembre el director de la Oficina de Prensa de la Santa Sede, Greg Burke.<\/p>\n<p>Por su lado, el presidente de la Conferencia Episcopal de Colombia, Monse\u00f1or Luis Augusto Castro Quiroga, agradeci\u00f3 y anim\u00f3 la tarea evangelizadora que sacerdotes, religiosos, religiosas y laicos est\u00e1n adelantando en las 23 zonas de concentraci\u00f3n donde estar\u00e1n las Farc-Ep.<\/p>\n<div>Seg\u00fan dijo, hay que ayudar a que los guerrilleros que puedan \u00abir generando una valent\u00eda interior que no se expresa con armas, ni con signos de poder, sino con una fuerza moral especial y a eso hay que llevarlos (&#8230;)que bonito que hayan estos signos de acogida con aquellas personas que le dieron la espalda a la sociedad colombiana\u201d.<\/div>\n<div>\u00a0<\/div>\n<div>El Departamento de Animaci\u00f3n Misionera y la Comisi\u00f3n de Conciliaci\u00f3n Nacional de la Conferencia Episcopal de Colombia, viene desarrollando desde el pasado lunes el \u201cTaller formaci\u00f3n y acompa\u00f1amiento a sacerdotes, religiosos, \u00a0religiosas y laicos, agentes de pastoral en las zonas y campamentos de concentraci\u00f3n de las Farc-ep en el marco de los acuerdos de paz que se adelantan en La Habana\u201d.<\/div>\n<div>\u00a0<\/div>\n<div>Fuente: radioevangelizacion.org<\/div>\n<p><a href=\"http:\/\/web.hilo.org.pe\/wp-content\/uploads\/mons_pietro_parolin_.jpg\" target=\"_blank\" rel=\"noopener\">Ver archivo adjunto<\/a><\/p>\n","protected":false},"excerpt":{"rendered":"<p>El Secretario de Estado del Vaticano, Cardenal Pietro Parolin, viajar? a Cartagena de Indias (Colombia) el pr?ximo 26 de septiembre con motivo de la firma del \u00abAcuerdo Final para la Terminaci?n del Conflicto y la Construcci?n de una Paz estable y duradera\u00bb, alcanzado por el Gobierno colombiano y la guerrilla Fuerzas Armadas Revolucionarias de Colombia (FARC).<\/p>\n","protected":false},"author":1,"featured_media":8037,"comment_status":"closed","ping_status":"closed","sticky":false,"template":"","format":"standard","meta":{"footnotes":""},"categories":[9],"tags":[],"class_list":["post-2943","post","type-post","status-publish","format-standard","has-post-thumbnail","hentry","category-noticias"],"_links":{"self":[{"href":"https:\/\/ceas.org.pe\/index.php\/wp-json\/wp\/v2\/posts\/2943","targetHints":{"allow":["GET"]}}],"collection":[{"href":"https:\/\/ceas.org.pe\/index.php\/wp-json\/wp\/v2\/posts"}],"about":[{"href":"https:\/\/ceas.org.pe\/index.php\/wp-json\/wp\/v2\/types\/post"}],"author":[{"embeddable":true,"href":"https:\/\/ceas.org.pe\/index.php\/wp-json\/wp\/v2\/users\/1"}],"replies":[{"embeddable":true,"href":"https:\/\/ceas.org.pe\/index.php\/wp-json\/wp\/v2\/comments?post=2943"}],"version-history":[{"count":1,"href":"https:\/\/ceas.org.pe\/index.php\/wp-json\/wp\/v2\/posts\/2943\/revisions"}],"predecessor-version":[{"id":6275,"href":"https:\/\/ceas.org.pe\/index.php\/wp-json\/wp\/v2\/posts\/2943\/revisions\/6275"}],"wp:featuredmedia":[{"embeddable":true,"href":"https:\/\/ceas.org.pe\/index.php\/wp-json\/wp\/v2\/media\/8037"}],"wp:attachment":[{"href":"https:\/\/ceas.org.pe\/index.php\/wp-json\/wp\/v2\/media?parent=2943"}],"wp:term":[{"taxonomy":"category","embeddable":true,"href":"https:\/\/ceas.org.pe\/index.php\/wp-json\/wp\/v2\/categories?post=2943"},{"taxonomy":"post_tag","embeddable":true,"href":"https:\/\/ceas.org.pe\/index.php\/wp-json\/wp\/v2\/tags?post=2943"}],"curies":[{"name":"wp","href":"https:\/\/api.w.org\/{rel}","templated":true}]}}