{"id":2941,"date":"2016-09-19T18:16:32","date_gmt":"2016-09-19T18:16:32","guid":{"rendered":""},"modified":"2026-03-11T09:12:00","modified_gmt":"2026-03-11T14:12:00","slug":"arzobispado-del-cusco-impulsa-iii-festival-del-barroco-latinoamericano","status":"publish","type":"post","link":"https:\/\/ceas.org.pe\/index.php\/2016\/09\/19\/arzobispado-del-cusco-impulsa-iii-festival-del-barroco-latinoamericano\/","title":{"rendered":"Arzobispado del Cusco impulsa III Festival del Barroco Latinoamericano"},"content":{"rendered":"<p>El Arzobispado del Cusco, la Direcci\u00f3n Desconcentrada de Cultura Cusco y el Proyecto Mensurabilis, se complacen en presentar el \u201cIII FESTIVAL DEL BARROCO LATINOAMERICANO\u201d, evento que se desarrollar\u00e1 del 20 al 23 de setiembre, con las conferencias sobre arte en general y conciertos, adem\u00e1s del tradicional concierto de campanas y Misa de San Xavier.<\/p>\n<div>\u00a0<\/div>\n<div>Estas conferencias se iniciar\u00e1n a las 4:00 p.m., en la Casa San Bernardo; el martes 20 de setiembre, la ponencia estar\u00e1 a cargo de \u00a0Zoila Vega \u00a0Salvatierra, con el tema \u201cCastas y m\u00fasica en las catedrales barrocas\u201d y Luis Chumpitazi Montoya, con el tema: \u201cLa m\u00fasica en la evangelizaci\u00f3n de los jesuitas de Sudam\u00e9rica\u201d; el Mi\u00e9rcoles 21 de setiembre, Roberto Samanez Argumedo expondr\u00e1 el tema \u201cEl gran barroco en la arquitectura cusque\u00f1a del siglo XVII\u201d y M\u00f3nica Canales M\u00e1rquez el tema: \u201cFideli Servus: Iconograf\u00eda de Santa Gertrudis y otras Santas m\u00edsticas\u201d y para finalizar este ciclo de conferencias, el viernes 23 de setiembre, Javier Campos y Fern\u00e1ndez de Sevilla presentar\u00e1 el tema: \u201cFiestas barrocas celebradas en Cusco en 1603 y 1788\u201d.<\/div>\n<div>\u00a0<\/div>\n<div>Los conciertos se desarrollar\u00e1n desde las 07:20 p.m., con el siguiente itinerario: el martes 20 de setiembre, en la Iglesia de la Compa\u00f1\u00eda de Jes\u00fas se tendr\u00e1 la presentaci\u00f3n de \u201cEnsamble Barroco Cusque\u00f1o &#8211; Conjunto de C\u00e1mara de la Orquesta Sinf\u00f3nica del Cusco\u201d; el mi\u00e9rcoles 21 de setiembre, en Iglesia de La Merced, la presentaci\u00f3n de \u201cEnsamble Barroco de Arequipa\u201d; el jueves 22 de setiembre, en la Iglesia de San Pedro, la presentaci\u00f3n de \u201cEnsamble de cuerdas de la Escuela de Artes de la Universidad Nacional San Agust\u00edn de Arequipa\u201d y para concluir, el viernes 23 de setiembre, en la Iglesia de Santo Domingo, la presentaci\u00f3n de \u201cEnsamble Artifex\u201d<\/div>\n<div>\u00a0<\/div>\n<div>Lo peculiar de este \u201cIII FESTIVAL DEL BARROCO LATINOAMERICANO\u201d, es que el jueves 22 a las 6:00 p.m., el Templo de San Pedro todos los ensambles acompa\u00f1ar\u00e1n ejecutando la Misa de San Xavier y las obras de los archivos dedicadas a San Pedro, Santa B\u00e1rbara, entre otras escritas en la ciudad del Cusco, en el siglo XVII. Asimismo, cabe resaltar que todas estas actividades se iniciaran con el repique de campanas en cada templo.<\/div>\n<div>\u00a0<\/div>\n<div>Fuente: arzobispadodelcusco.org<\/div>\n<p><a href=\"http:\/\/web.hilo.org.pe\/wp-content\/uploads\/III FESTIVAL DEL BARROCO LATINOAMERICANO.jpg\" target=\"_blank\" rel=\"noopener\">Ver archivo adjunto<\/a><\/p>\n","protected":false},"excerpt":{"rendered":"<p>El Arzobispado del Cusco, la Direcci?n Desconcentrada de Cultura Cusco y el Proyecto Mensurabilis, se complacen en presentar el ?III FESTIVAL DEL BARROCO LATINOAMERICANO?, evento que se desarrollar? del 20 al 23 de setiembre, con las conferencias sobre arte en general y conciertos, adem?s del tradicional concierto de campanas y Misa de San Xavier.<\/p>\n","protected":false},"author":1,"featured_media":7848,"comment_status":"closed","ping_status":"closed","sticky":false,"template":"","format":"standard","meta":{"footnotes":""},"categories":[9],"tags":[],"class_list":["post-2941","post","type-post","status-publish","format-standard","has-post-thumbnail","hentry","category-noticias"],"_links":{"self":[{"href":"https:\/\/ceas.org.pe\/index.php\/wp-json\/wp\/v2\/posts\/2941","targetHints":{"allow":["GET"]}}],"collection":[{"href":"https:\/\/ceas.org.pe\/index.php\/wp-json\/wp\/v2\/posts"}],"about":[{"href":"https:\/\/ceas.org.pe\/index.php\/wp-json\/wp\/v2\/types\/post"}],"author":[{"embeddable":true,"href":"https:\/\/ceas.org.pe\/index.php\/wp-json\/wp\/v2\/users\/1"}],"replies":[{"embeddable":true,"href":"https:\/\/ceas.org.pe\/index.php\/wp-json\/wp\/v2\/comments?post=2941"}],"version-history":[{"count":1,"href":"https:\/\/ceas.org.pe\/index.php\/wp-json\/wp\/v2\/posts\/2941\/revisions"}],"predecessor-version":[{"id":6277,"href":"https:\/\/ceas.org.pe\/index.php\/wp-json\/wp\/v2\/posts\/2941\/revisions\/6277"}],"wp:featuredmedia":[{"embeddable":true,"href":"https:\/\/ceas.org.pe\/index.php\/wp-json\/wp\/v2\/media\/7848"}],"wp:attachment":[{"href":"https:\/\/ceas.org.pe\/index.php\/wp-json\/wp\/v2\/media?parent=2941"}],"wp:term":[{"taxonomy":"category","embeddable":true,"href":"https:\/\/ceas.org.pe\/index.php\/wp-json\/wp\/v2\/categories?post=2941"},{"taxonomy":"post_tag","embeddable":true,"href":"https:\/\/ceas.org.pe\/index.php\/wp-json\/wp\/v2\/tags?post=2941"}],"curies":[{"name":"wp","href":"https:\/\/api.w.org\/{rel}","templated":true}]}}