{"id":2939,"date":"2016-09-15T12:49:43","date_gmt":"2016-09-15T12:49:43","guid":{"rendered":""},"modified":"2026-03-11T09:12:00","modified_gmt":"2026-03-11T14:12:00","slug":"iglesia-catolica-y-ortodoxa-se-reone-en-italia-a-travos-de-comision-mixta","status":"publish","type":"post","link":"https:\/\/ceas.org.pe\/index.php\/2016\/09\/15\/iglesia-catolica-y-ortodoxa-se-reone-en-italia-a-travos-de-comision-mixta\/","title":{"rendered":"Iglesia cat\u00f3lica y ortodoxa se re\u00f3ne en Italia a trav\u00f3s de comisi\u00f3n mixta"},"content":{"rendered":"<p>La Comisi\u00f3n mixta internacional para el di\u00e1logo teol\u00f3gico entre la Iglesia cat\u00f3lica y la Iglesia ortodoxa se re\u00fane del 15 al 22 de septiembre en su XVI sesi\u00f3n plenaria. El encuentro tiene lugar en Italia, Chieti, acogida por la archidi\u00f3cesis de Chieti-Vasto y la Conferencia Episcopal Italiana.<\/p>\n<div>\u00a0<\/div>\n<div>Los trabajos de la Comisi\u00f3n ser\u00e1n presididos por el cardenal Kurt Koch, presidente del Pontificio Consejo para la Promoci\u00f3n de la Unidad de los Cristianos, y del arzobispo de Telmessos Iob (Getcha), del Patriarcado Ecum\u00e9nico. Participar\u00e1n tambi\u00e9n, como en otras ocasiones, dos representantes de cada una de las catorce Iglesias ortodoxas autoc\u00e9falas y otro representantes cat\u00f3licos.<\/div>\n<div>\u00a0<\/div>\n<div>Seg\u00fan indica el comunicado de prensa de la Santa Sede, la sesi\u00f3n plenaria tendr\u00e1 como objeto el examen de un borrador de documento, titulado \u201cTowards a common understanding of Synodality and Primacy in service to the Unity of the Church\u201d, (Hacia una comprensi\u00f3n com\u00fan de la sinodalidad y primac\u00eda al servicio de la unidad de la Iglesia).<\/div>\n<div>\u00a0<\/div>\n<div>La redacci\u00f3n de este documento comenz\u00f3 durante la precedente sesi\u00f3n plenaria de la comisi\u00f3n, que tuvo lugar en Am\u00e1n, Jordania, en 2014, y se complet\u00f3 por el Comit\u00e9 de coordinaci\u00f3n de la Comisi\u00f3n durante la reuni\u00f3n que se celebr\u00f3 en Roma en 2015.<\/div>\n<div>\u00a0<\/div>\n<div>En Chieti, los miembros de la Comisi\u00f3n \u201cest\u00e1n llamados a valorar si tal borrador refleja de forma adecuada el consenso actual existente sobre la delicada cuesti\u00f3n de la relaci\u00f3n teol\u00f3gica y eclesiol\u00f3gica entre primado y sinodalidad en la vida de la Iglesia y si ser\u00e1 necesario continuar profundizando la tem\u00e1tica\u201d, indica el comunicado.<\/div>\n<div>\u00a0<\/div>\n<div>Fuente: zenit.org<\/div>\n<p><a href=\"http:\/\/web.hilo.org.pe\/wp-content\/uploads\/La Comision mixta entre Iglesia catolica y ortodoxa se reune en Italia.jpg\" target=\"_blank\" rel=\"noopener\">Ver archivo adjunto<\/a><\/p>\n","protected":false},"excerpt":{"rendered":"<p>La Comisi?n mixta internacional para el di?logo teol?gico entre la Iglesia cat?lica y la Iglesia ortodoxa se re?ne del 15 al 22 de septiembre en su XVI sesi?n plenaria. El encuentro tiene lugar en Italia, Chieti, acogida por la archidi?cesis de Chieti-Vasto y la Conferencia Episcopal Italiana.<\/p>\n","protected":false},"author":1,"featured_media":7857,"comment_status":"closed","ping_status":"closed","sticky":false,"template":"","format":"standard","meta":{"footnotes":""},"categories":[9],"tags":[],"class_list":["post-2939","post","type-post","status-publish","format-standard","has-post-thumbnail","hentry","category-noticias"],"_links":{"self":[{"href":"https:\/\/ceas.org.pe\/index.php\/wp-json\/wp\/v2\/posts\/2939","targetHints":{"allow":["GET"]}}],"collection":[{"href":"https:\/\/ceas.org.pe\/index.php\/wp-json\/wp\/v2\/posts"}],"about":[{"href":"https:\/\/ceas.org.pe\/index.php\/wp-json\/wp\/v2\/types\/post"}],"author":[{"embeddable":true,"href":"https:\/\/ceas.org.pe\/index.php\/wp-json\/wp\/v2\/users\/1"}],"replies":[{"embeddable":true,"href":"https:\/\/ceas.org.pe\/index.php\/wp-json\/wp\/v2\/comments?post=2939"}],"version-history":[{"count":1,"href":"https:\/\/ceas.org.pe\/index.php\/wp-json\/wp\/v2\/posts\/2939\/revisions"}],"predecessor-version":[{"id":6279,"href":"https:\/\/ceas.org.pe\/index.php\/wp-json\/wp\/v2\/posts\/2939\/revisions\/6279"}],"wp:featuredmedia":[{"embeddable":true,"href":"https:\/\/ceas.org.pe\/index.php\/wp-json\/wp\/v2\/media\/7857"}],"wp:attachment":[{"href":"https:\/\/ceas.org.pe\/index.php\/wp-json\/wp\/v2\/media?parent=2939"}],"wp:term":[{"taxonomy":"category","embeddable":true,"href":"https:\/\/ceas.org.pe\/index.php\/wp-json\/wp\/v2\/categories?post=2939"},{"taxonomy":"post_tag","embeddable":true,"href":"https:\/\/ceas.org.pe\/index.php\/wp-json\/wp\/v2\/tags?post=2939"}],"curies":[{"name":"wp","href":"https:\/\/api.w.org\/{rel}","templated":true}]}}